{"id":9956,"date":"2019-08-27T05:30:48","date_gmt":"2019-08-27T05:30:48","guid":{"rendered":"http:\/\/www.fantasticaficcion.com\/?p=9956"},"modified":"2019-07-31T07:22:09","modified_gmt":"2019-07-31T07:22:09","slug":"portada-de-the-wolf-of-oren-yaro","status":"publish","type":"post","link":"https:\/\/www.fantasticaficcion.com\/index.php\/portada-de-the-wolf-of-oren-yaro\/","title":{"rendered":"Portada de The Wolf of Oren-Yaro"},"content":{"rendered":"\n<p>Aqu\u00ed os traigo la portada de <strong><em><a href=\"https:\/\/www.orbitbooks.net\/2019\/07\/23\/cover-reveal-the-wolf-of-oren-yaro-by-k-s-villoso\/\">The Wolf of Oren-Yaro<\/a><\/em><\/strong><a href=\"https:\/\/www.orbitbooks.net\/2019\/07\/23\/cover-reveal-the-wolf-of-oren-yaro-by-k-s-villoso\/\"> <\/a>de K. S. Villoso, que en sus or\u00edgenes fue una novela autopublicada, pero que en febrero del a\u00f1o que viene publicar\u00e1 Orbit en papel, mientras que en ebook ya est\u00e1 disponible.<\/p>\n\n\n\n<p>El arte es de Simon Goinard y el dise\u00f1o de Lauren Panepinto.<\/p>\n\n\n\n<div class=\"wp-block-image\"><figure class=\"aligncenter\"><img loading=\"lazy\" decoding=\"async\" width=\"500\" height=\"771\" src=\"https:\/\/www.fantasticaficcion.com\/wp-content\/uploads\/2019\/07\/Villoso_WolfofOrenYaro-TP.jpg\" alt=\"\" class=\"wp-image-9957\" srcset=\"https:\/\/www.fantasticaficcion.com\/wp-content\/uploads\/2019\/07\/Villoso_WolfofOrenYaro-TP.jpg 500w, https:\/\/www.fantasticaficcion.com\/wp-content\/uploads\/2019\/07\/Villoso_WolfofOrenYaro-TP-195x300.jpg 195w\" sizes=\"auto, (max-width: 500px) 100vw, 500px\" \/><\/figure><\/div>\n\n\n\n<p>Esta es la sinopsis:<\/p>\n\n\n\n<p><em>\u201cThey called me the Bitch Queen, the she-wolf, because I murdered a man and exiled my king the night before they crowned me.\u201d<\/em><\/p>\n\n\n\n<p><em>Born under the crumbling towers of Oren-yaro, Queen Talyien was the shining jewel and legacy of the bloody War of the Wolves that nearly tore her nation apart. But her upcoming marriage to the son of her father\u2019s rival heralds peaceful days to come.<\/em><\/p>\n\n\n\n<p><em>His sudden departure before their reign begins puts a quick end to those dreams, and the kingdom is fractured beyond repair.<\/em><\/p>\n\n\n\n<p><em>Years later, Talyien receives a message, one that will send her across the sea. What\u2019s meant to be an effort at reconciling the past spirals into an assassination attempt. Stranded in a land she doesn\u2019t know, with no idea who she can trust, Talyien will have to embrace her namesake.<\/em><\/p>\n\n\n\n<p><em><strong>A Wolf of Oren-yaro is not tamed.<\/strong><\/em><\/p>\n\n\n\n<p>Esta es mi traducci\u00f3n:<\/p>\n\n\n\n<blockquote class=\"wp-block-quote is-layout-flow wp-block-quote-is-layout-flow\"><p>&#8220;Me llaman la Bitch Queen, la mujer-loba, porque mat\u00e9 a un hombre y exili\u00e9 a mi rey la noche antes de que me coronaran.&#8221;<\/p><p>Nacida bajo las torres derrumbadas de Oren-yaro, la reina Talyien era la joya m\u00e1s brillante y el legado de la sangrienta Guerra de los Lobos que pr\u00e1cticamente destroz\u00f3 la naci\u00f3n. Pero su matrimonio venidero con el hijo del rival de su padre vaticinan d\u00edas pac\u00edficos.<\/p><p>Su repentina salida antes de que el reinado comience pone un brusco final a estos sue\u00f1os y el reino est\u00e1 fracturado m\u00e1s all\u00e1 de toda reparaci\u00f3n.<\/p><p>A\u00f1os despu\u00e9s, Talyien recibe un mensaje, una que la mandar\u00e1 a trav\u00e9s del mar. Lo que deber\u00eda ser un esfuerzo en la reconciliaci\u00f3n del pasado se transforma en un intento de asesinato. Perdida en una tierra que no conoce, sin saber en qui\u00e9n confiar, Talyien tendr\u00e1 que hacerse merecedora de su nombre.<\/p><p><strong><em>Un lobo de <\/em><\/strong><em><strong>Oren-yaro no est\u00e1 domado.<\/strong><\/em><\/p><\/blockquote>\n","protected":false},"excerpt":{"rendered":"<p>Aqu\u00ed os traigo la portada de The Wolf of Oren-Yaro de K. S. Villoso, que en sus or\u00edgenes fue una novela autopublicada, pero que en febrero del a\u00f1o que viene publicar\u00e1 Orbit en papel, mientras que en ebook ya est\u00e1 disponible. El arte es de Simon Goinard y el dise\u00f1o de Lauren Panepinto. Esta es &hellip; <\/p>\n<p class=\"link-more\"><a href=\"https:\/\/www.fantasticaficcion.com\/index.php\/portada-de-the-wolf-of-oren-yaro\/\" class=\"more-link\">Continuar leyendo<span class=\"screen-reader-text\"> &#8220;Portada de The Wolf of Oren-Yaro&#8221;<\/span><\/a><\/p>\n","protected":false},"author":1,"featured_media":9957,"comment_status":"open","ping_status":"open","sticky":false,"template":"","format":"standard","meta":{"jetpack_post_was_ever_published":false,"_jetpack_newsletter_access":"","_jetpack_dont_email_post_to_subs":false,"_jetpack_newsletter_tier_id":0,"_jetpack_memberships_contains_paywalled_content":false,"_jetpack_memberships_contains_paid_content":false,"footnotes":""},"categories":[5],"tags":[1191,190,96],"class_list":["post-9956","post","type-post","status-publish","format-standard","has-post-thumbnail","hentry","category-fantasia","tag-k-s-villoso","tag-noticias","tag-portadas"],"jetpack_featured_media_url":"https:\/\/www.fantasticaficcion.com\/wp-content\/uploads\/2019\/07\/Villoso_WolfofOrenYaro-TP.jpg","jetpack_shortlink":"https:\/\/wp.me\/p5fEpk-2AA","jetpack_sharing_enabled":true,"_links":{"self":[{"href":"https:\/\/www.fantasticaficcion.com\/index.php\/wp-json\/wp\/v2\/posts\/9956","targetHints":{"allow":["GET"]}}],"collection":[{"href":"https:\/\/www.fantasticaficcion.com\/index.php\/wp-json\/wp\/v2\/posts"}],"about":[{"href":"https:\/\/www.fantasticaficcion.com\/index.php\/wp-json\/wp\/v2\/types\/post"}],"author":[{"embeddable":true,"href":"https:\/\/www.fantasticaficcion.com\/index.php\/wp-json\/wp\/v2\/users\/1"}],"replies":[{"embeddable":true,"href":"https:\/\/www.fantasticaficcion.com\/index.php\/wp-json\/wp\/v2\/comments?post=9956"}],"version-history":[{"count":1,"href":"https:\/\/www.fantasticaficcion.com\/index.php\/wp-json\/wp\/v2\/posts\/9956\/revisions"}],"predecessor-version":[{"id":9958,"href":"https:\/\/www.fantasticaficcion.com\/index.php\/wp-json\/wp\/v2\/posts\/9956\/revisions\/9958"}],"wp:featuredmedia":[{"embeddable":true,"href":"https:\/\/www.fantasticaficcion.com\/index.php\/wp-json\/wp\/v2\/media\/9957"}],"wp:attachment":[{"href":"https:\/\/www.fantasticaficcion.com\/index.php\/wp-json\/wp\/v2\/media?parent=9956"}],"wp:term":[{"taxonomy":"category","embeddable":true,"href":"https:\/\/www.fantasticaficcion.com\/index.php\/wp-json\/wp\/v2\/categories?post=9956"},{"taxonomy":"post_tag","embeddable":true,"href":"https:\/\/www.fantasticaficcion.com\/index.php\/wp-json\/wp\/v2\/tags?post=9956"}],"curies":[{"name":"wp","href":"https:\/\/api.w.org\/{rel}","templated":true}]}}