{"id":9935,"date":"2019-08-16T05:30:58","date_gmt":"2019-08-16T05:30:58","guid":{"rendered":"http:\/\/www.fantasticaficcion.com\/?p=9935"},"modified":"2019-07-30T06:21:38","modified_gmt":"2019-07-30T06:21:38","slug":"portada-de-legacy-of-ash","status":"publish","type":"post","link":"https:\/\/www.fantasticaficcion.com\/index.php\/portada-de-legacy-of-ash\/","title":{"rendered":"Portada de Legacy of Ash"},"content":{"rendered":"\n<p>Aqu\u00ed os traigo la portada de <strong><em>Legacy of Ash<\/em><\/strong>, <a href=\"https:\/\/www.orbitbooks.net\/2019\/07\/17\/cover-launch-legacy-of-ash-by-matthew-ward\/\">la primera novela<\/a> de Matthew Ward. <\/p>\n\n\n\n<p>Esta es la sinopsis:<\/p>\n\n\n\n<blockquote class=\"wp-block-quote is-layout-flow wp-block-quote-is-layout-flow\"><p><strong>A shadow has fallen over the Tressian Republic.<\/strong><\/p><p><strong>Ruling families \u2013 once protectors of justice and democracy \u2013 now plot against one another with sharp words and sharper knives. Blinded by ambition, they remain heedless of the threat posed by the invading armies of the Hadari Empire.<\/strong><\/p><p><strong>Yet as Tressia falls, heroes rise.<\/strong><\/p><p><strong>Viktor Akadra is the Republic\u2019s champion. A warrior without equal, he hides a secret that would see him burned as a heretic.<\/strong><\/p><p><strong>Josiri Trelan is Viktor\u2019s sworn enemy. A political prisoner, he dreams of reigniting his mother\u2019s failed rebellion. <\/strong><\/p><p><strong>And yet Calenne, Josiri\u2019s sister, seeks only to break free of their tarnished legacy; to escape the expectation and prejudice that haunts the Trelan name.<\/strong><\/p><p><strong>As war spreads across the Republic, these three must set aside their differences in order to save their homeland. However, decades of bad blood are not easily set aside \u2013 victory will demand a darker price than any of them could have imagined.<\/strong><\/p><\/blockquote>\n\n\n\n<p>Mi traducci\u00f3n:<\/p>\n\n\n\n<blockquote class=\"wp-block-quote is-layout-flow wp-block-quote-is-layout-flow\"><p>Una sombra ha ca\u00eddo sobre la Rep\u00fablica Tressiana.<\/p><p>Las familias dirigentes (una vez protectores de la justicia y la democracia) conspiran con palabras afiladas y cuchillos a\u00fan m\u00e1s afilados. Cegados por la ambici\u00f3n, desconocen la amenaza de las fuerzas invasoras del imperio Hadari.<\/p><p>Pero aunque Tressia cae, los h\u00e9roes se alzan.<\/p><p>Viktor Akadra es el campe\u00f3n de la Rep\u00fablica. Un guerrero sin igual, oculta un secreto que le mandar\u00eda a la hoguera por hereje<\/p><p>Josiri Trelan es el enemigo jurado de Viktor. Un prisionero pol\u00edtico, sue\u00f1a con resucitar la rebeli\u00f3n fallida de su madre.<\/p><p>Y Calenne, la hermana de Josiri, busca solo huir de su legado, para escapar de las expectativas y los prejuicios del apellido Trelan.<\/p><p>Mientras que la guerra se extiende por la Rep\u00fablica, los tres deben dejar sus diferencias de lado para salvar su patria. No obstante, d\u00e9cadas de rencillas entorpecer\u00e1n esta tarea, y la victoria exigir\u00e1 una precio m\u00e1s oscuro de lo que podr\u00edan haber imaginado.<\/p><\/blockquote>\n\n\n\n<p>Y la portada:<\/p>\n\n\n\n<div class=\"wp-block-image\"><figure class=\"aligncenter\"><img loading=\"lazy\" decoding=\"async\" width=\"598\" height=\"929\" src=\"https:\/\/www.fantasticaficcion.com\/wp-content\/uploads\/2019\/07\/legacyofash.jpg\" alt=\"\" class=\"wp-image-9936\" srcset=\"https:\/\/www.fantasticaficcion.com\/wp-content\/uploads\/2019\/07\/legacyofash.jpg 598w, https:\/\/www.fantasticaficcion.com\/wp-content\/uploads\/2019\/07\/legacyofash-193x300.jpg 193w\" sizes=\"auto, (max-width: 598px) 100vw, 598px\" \/><\/figure><\/div>\n","protected":false},"excerpt":{"rendered":"<p>Aqu\u00ed os traigo la portada de Legacy of Ash, la primera novela de Matthew Ward. Esta es la sinopsis: A shadow has fallen over the Tressian Republic. Ruling families \u2013 once protectors of justice and democracy \u2013 now plot against one another with sharp words and sharper knives. Blinded by ambition, they remain heedless of &hellip; <\/p>\n<p class=\"link-more\"><a href=\"https:\/\/www.fantasticaficcion.com\/index.php\/portada-de-legacy-of-ash\/\" class=\"more-link\">Continuar leyendo<span class=\"screen-reader-text\"> &#8220;Portada de Legacy of Ash&#8221;<\/span><\/a><\/p>\n","protected":false},"author":1,"featured_media":0,"comment_status":"open","ping_status":"open","sticky":false,"template":"","format":"standard","meta":{"jetpack_post_was_ever_published":false,"_jetpack_newsletter_access":"","_jetpack_dont_email_post_to_subs":false,"_jetpack_newsletter_tier_id":0,"_jetpack_memberships_contains_paywalled_content":false,"_jetpack_memberships_contains_paid_content":false,"footnotes":""},"categories":[5],"tags":[1190,190,96],"class_list":["post-9935","post","type-post","status-publish","format-standard","hentry","category-fantasia","tag-matthew-ward","tag-noticias","tag-portadas"],"jetpack_featured_media_url":"","jetpack_shortlink":"https:\/\/wp.me\/p5fEpk-2Af","jetpack_sharing_enabled":true,"_links":{"self":[{"href":"https:\/\/www.fantasticaficcion.com\/index.php\/wp-json\/wp\/v2\/posts\/9935","targetHints":{"allow":["GET"]}}],"collection":[{"href":"https:\/\/www.fantasticaficcion.com\/index.php\/wp-json\/wp\/v2\/posts"}],"about":[{"href":"https:\/\/www.fantasticaficcion.com\/index.php\/wp-json\/wp\/v2\/types\/post"}],"author":[{"embeddable":true,"href":"https:\/\/www.fantasticaficcion.com\/index.php\/wp-json\/wp\/v2\/users\/1"}],"replies":[{"embeddable":true,"href":"https:\/\/www.fantasticaficcion.com\/index.php\/wp-json\/wp\/v2\/comments?post=9935"}],"version-history":[{"count":1,"href":"https:\/\/www.fantasticaficcion.com\/index.php\/wp-json\/wp\/v2\/posts\/9935\/revisions"}],"predecessor-version":[{"id":9937,"href":"https:\/\/www.fantasticaficcion.com\/index.php\/wp-json\/wp\/v2\/posts\/9935\/revisions\/9937"}],"wp:attachment":[{"href":"https:\/\/www.fantasticaficcion.com\/index.php\/wp-json\/wp\/v2\/media?parent=9935"}],"wp:term":[{"taxonomy":"category","embeddable":true,"href":"https:\/\/www.fantasticaficcion.com\/index.php\/wp-json\/wp\/v2\/categories?post=9935"},{"taxonomy":"post_tag","embeddable":true,"href":"https:\/\/www.fantasticaficcion.com\/index.php\/wp-json\/wp\/v2\/tags?post=9935"}],"curies":[{"name":"wp","href":"https:\/\/api.w.org\/{rel}","templated":true}]}}