{"id":9768,"date":"2019-06-18T05:30:18","date_gmt":"2019-06-18T05:30:18","guid":{"rendered":"http:\/\/www.fantasticaficcion.com\/?p=9768"},"modified":"2019-05-30T12:22:47","modified_gmt":"2019-05-30T12:22:47","slug":"portada-de-the-menace-from-farside","status":"publish","type":"post","link":"https:\/\/www.fantasticaficcion.com\/index.php\/portada-de-the-menace-from-farside\/","title":{"rendered":"Portada de The Menace from Farside"},"content":{"rendered":"\n<p>Parece ser que Ian McDonald todav\u00eda le quedan historias por contar sobre la Luna. Se ha anunciado la publicaci\u00f3n de<em><strong><a href=\"https:\/\/www.tor.com\/2019\/05\/29\/revealing-the-menace-from-farside-a-new-novella-from-ian-mcdonald\/\"> The Menace from Farside<\/a><\/strong><\/em> una novela &#8220;corta&#8221; (gui\u00f1o, gui\u00f1o, codazo, codazo) situada en el escenario de su trilog\u00eda lunar. <\/p>\n\n\n\n<p>Hay poca informaci\u00f3n sobre la historia en s\u00ed, pero sabemos que se publicar\u00e1 el 12 de noviembre.<\/p>\n\n\n\n<p>Esta es la portada obra de Richard Anderson:<\/p>\n\n\n\n<figure class=\"wp-block-image\"><img loading=\"lazy\" decoding=\"async\" width=\"640\" height=\"1024\" src=\"https:\/\/www.fantasticaficcion.com\/wp-content\/uploads\/2019\/05\/Menace-Farside-cover-640x1024.jpg\" alt=\"\" class=\"wp-image-9769\" srcset=\"https:\/\/www.fantasticaficcion.com\/wp-content\/uploads\/2019\/05\/Menace-Farside-cover-640x1024.jpg 640w, https:\/\/www.fantasticaficcion.com\/wp-content\/uploads\/2019\/05\/Menace-Farside-cover-187x300.jpg 187w, https:\/\/www.fantasticaficcion.com\/wp-content\/uploads\/2019\/05\/Menace-Farside-cover.jpg 768w\" sizes=\"auto, (max-width: 640px) 100vw, 640px\" \/><\/figure>\n","protected":false},"excerpt":{"rendered":"<p>Parece ser que Ian McDonald todav\u00eda le quedan historias por contar sobre la Luna. Se ha anunciado la publicaci\u00f3n de The Menace from Farside una novela &#8220;corta&#8221; (gui\u00f1o, gui\u00f1o, codazo, codazo) situada en el escenario de su trilog\u00eda lunar. Hay poca informaci\u00f3n sobre la historia en s\u00ed, pero sabemos que se publicar\u00e1 el 12 de &hellip; <\/p>\n<p class=\"link-more\"><a href=\"https:\/\/www.fantasticaficcion.com\/index.php\/portada-de-the-menace-from-farside\/\" class=\"more-link\">Continuar leyendo<span class=\"screen-reader-text\"> &#8220;Portada de The Menace from Farside&#8221;<\/span><\/a><\/p>\n","protected":false},"author":1,"featured_media":9769,"comment_status":"open","ping_status":"open","sticky":false,"template":"","format":"standard","meta":{"jetpack_post_was_ever_published":false,"_jetpack_newsletter_access":"","_jetpack_dont_email_post_to_subs":false,"_jetpack_newsletter_tier_id":0,"_jetpack_memberships_contains_paywalled_content":false,"_jetpack_memberships_contains_paid_content":false,"footnotes":""},"categories":[10],"tags":[474,190,96],"class_list":["post-9768","post","type-post","status-publish","format-standard","has-post-thumbnail","hentry","category-ciencia-ficcion-2","tag-ian-mcdonald","tag-noticias","tag-portadas"],"jetpack_featured_media_url":"https:\/\/www.fantasticaficcion.com\/wp-content\/uploads\/2019\/05\/Menace-Farside-cover.jpg","jetpack_shortlink":"https:\/\/wp.me\/p5fEpk-2xy","jetpack_sharing_enabled":true,"_links":{"self":[{"href":"https:\/\/www.fantasticaficcion.com\/index.php\/wp-json\/wp\/v2\/posts\/9768","targetHints":{"allow":["GET"]}}],"collection":[{"href":"https:\/\/www.fantasticaficcion.com\/index.php\/wp-json\/wp\/v2\/posts"}],"about":[{"href":"https:\/\/www.fantasticaficcion.com\/index.php\/wp-json\/wp\/v2\/types\/post"}],"author":[{"embeddable":true,"href":"https:\/\/www.fantasticaficcion.com\/index.php\/wp-json\/wp\/v2\/users\/1"}],"replies":[{"embeddable":true,"href":"https:\/\/www.fantasticaficcion.com\/index.php\/wp-json\/wp\/v2\/comments?post=9768"}],"version-history":[{"count":1,"href":"https:\/\/www.fantasticaficcion.com\/index.php\/wp-json\/wp\/v2\/posts\/9768\/revisions"}],"predecessor-version":[{"id":9770,"href":"https:\/\/www.fantasticaficcion.com\/index.php\/wp-json\/wp\/v2\/posts\/9768\/revisions\/9770"}],"wp:featuredmedia":[{"embeddable":true,"href":"https:\/\/www.fantasticaficcion.com\/index.php\/wp-json\/wp\/v2\/media\/9769"}],"wp:attachment":[{"href":"https:\/\/www.fantasticaficcion.com\/index.php\/wp-json\/wp\/v2\/media?parent=9768"}],"wp:term":[{"taxonomy":"category","embeddable":true,"href":"https:\/\/www.fantasticaficcion.com\/index.php\/wp-json\/wp\/v2\/categories?post=9768"},{"taxonomy":"post_tag","embeddable":true,"href":"https:\/\/www.fantasticaficcion.com\/index.php\/wp-json\/wp\/v2\/tags?post=9768"}],"curies":[{"name":"wp","href":"https:\/\/api.w.org\/{rel}","templated":true}]}}