{"id":9623,"date":"2019-04-26T05:30:32","date_gmt":"2019-04-26T05:30:32","guid":{"rendered":"http:\/\/www.fantasticaficcion.com\/?p=9623"},"modified":"2019-04-16T06:46:57","modified_gmt":"2019-04-16T06:46:57","slug":"portada-de-the-shadow-saint","status":"publish","type":"post","link":"https:\/\/www.fantasticaficcion.com\/index.php\/portada-de-the-shadow-saint\/","title":{"rendered":"Portada de The Shadow Saint"},"content":{"rendered":"\n<p>Aqu\u00ed os traigo la que ser\u00e1 portada de<strong><em> The Shadow Saint<\/em><\/strong>, la esperada continuaci\u00f3n de <strong><em>The Gutter Prayer<\/em><\/strong> de Gareth Hanrahan. La obra se publicar\u00e1 en enero del a\u00f1o que viene de la mano de Orbit.<\/p>\n\n\n\n<p>La ilustraci\u00f3n es de Richard Anderson y el dise\u00f1o de Steve Panton.<\/p>\n\n\n\n<div class=\"wp-block-image\"><figure class=\"aligncenter\"><img loading=\"lazy\" decoding=\"async\" width=\"400\" height=\"629\" src=\"https:\/\/www.fantasticaficcion.com\/wp-content\/uploads\/2019\/04\/Shadow-Saint-400x629.jpg\" alt=\"\" class=\"wp-image-9624\" srcset=\"https:\/\/www.fantasticaficcion.com\/wp-content\/uploads\/2019\/04\/Shadow-Saint-400x629.jpg 400w, https:\/\/www.fantasticaficcion.com\/wp-content\/uploads\/2019\/04\/Shadow-Saint-400x629-191x300.jpg 191w\" sizes=\"auto, (max-width: 400px) 100vw, 400px\" \/><\/figure><\/div>\n","protected":false},"excerpt":{"rendered":"<p>Aqu\u00ed os traigo la que ser\u00e1 portada de The Shadow Saint, la esperada continuaci\u00f3n de The Gutter Prayer de Gareth Hanrahan. La obra se publicar\u00e1 en enero del a\u00f1o que viene de la mano de Orbit. La ilustraci\u00f3n es de Richard Anderson y el dise\u00f1o de Steve Panton.<\/p>\n","protected":false},"author":1,"featured_media":0,"comment_status":"open","ping_status":"open","sticky":false,"template":"","format":"standard","meta":{"jetpack_post_was_ever_published":false,"_jetpack_newsletter_access":"","_jetpack_dont_email_post_to_subs":false,"_jetpack_newsletter_tier_id":0,"_jetpack_memberships_contains_paywalled_content":false,"_jetpack_memberships_contains_paid_content":false,"footnotes":""},"categories":[830,5],"tags":[1164,190,96],"class_list":["post-9623","post","type-post","status-publish","format-standard","hentry","category-artistas","category-fantasia","tag-gareth-hanrahan","tag-noticias","tag-portadas"],"jetpack_featured_media_url":"","jetpack_shortlink":"https:\/\/wp.me\/p5fEpk-2vd","jetpack_sharing_enabled":true,"_links":{"self":[{"href":"https:\/\/www.fantasticaficcion.com\/index.php\/wp-json\/wp\/v2\/posts\/9623","targetHints":{"allow":["GET"]}}],"collection":[{"href":"https:\/\/www.fantasticaficcion.com\/index.php\/wp-json\/wp\/v2\/posts"}],"about":[{"href":"https:\/\/www.fantasticaficcion.com\/index.php\/wp-json\/wp\/v2\/types\/post"}],"author":[{"embeddable":true,"href":"https:\/\/www.fantasticaficcion.com\/index.php\/wp-json\/wp\/v2\/users\/1"}],"replies":[{"embeddable":true,"href":"https:\/\/www.fantasticaficcion.com\/index.php\/wp-json\/wp\/v2\/comments?post=9623"}],"version-history":[{"count":1,"href":"https:\/\/www.fantasticaficcion.com\/index.php\/wp-json\/wp\/v2\/posts\/9623\/revisions"}],"predecessor-version":[{"id":9625,"href":"https:\/\/www.fantasticaficcion.com\/index.php\/wp-json\/wp\/v2\/posts\/9623\/revisions\/9625"}],"wp:attachment":[{"href":"https:\/\/www.fantasticaficcion.com\/index.php\/wp-json\/wp\/v2\/media?parent=9623"}],"wp:term":[{"taxonomy":"category","embeddable":true,"href":"https:\/\/www.fantasticaficcion.com\/index.php\/wp-json\/wp\/v2\/categories?post=9623"},{"taxonomy":"post_tag","embeddable":true,"href":"https:\/\/www.fantasticaficcion.com\/index.php\/wp-json\/wp\/v2\/tags?post=9623"}],"curies":[{"name":"wp","href":"https:\/\/api.w.org\/{rel}","templated":true}]}}