{"id":9556,"date":"2019-04-10T06:30:01","date_gmt":"2019-04-10T06:30:01","guid":{"rendered":"http:\/\/www.fantasticaficcion.com\/?p=9556"},"modified":"2019-03-18T11:52:46","modified_gmt":"2019-03-18T11:52:46","slug":"portada-de-the-quantum-garden","status":"publish","type":"post","link":"https:\/\/www.fantasticaficcion.com\/index.php\/portada-de-the-quantum-garden\/","title":{"rendered":"Portada de The Quantum Garden"},"content":{"rendered":"\n<p>Indudablemente una de las mejores lecturas del a\u00f1o pasado fue <strong><em>The Quantum Magician<\/em><\/strong> de Derek Kunsken, al que adem\u00e1s tuvimos la incre\u00edble suerte de entrevistar en los VerdHugos. Es por esto que me alegra much\u00edsimo ver que la continuaci\u00f3n del libro, que se titular\u00e1 <strong><em><a href=\"http:\/\/derekkunsken.com\/1\/post\/2019\/03\/announcement-and-cover-reveal-for-my-second-novel-the-quantum-garden.html\">The Quantum Garden<\/a><\/em><\/strong>, ya tiene portada y fecha de publicaci\u00f3n.<\/p>\n\n\n\n<p>Ser\u00e1 el 15 de octubre de 2019 cuando podamos adquirir el libro, de la mano de Solaris Books.<\/p>\n\n\n\n<p>De momento, podemos ir abriendo boca con la portada:<\/p>\n\n\n\n<figure class=\"wp-block-image\"><img loading=\"lazy\" decoding=\"async\" width=\"900\" height=\"900\" src=\"https:\/\/www.fantasticaficcion.com\/wp-content\/uploads\/2019\/03\/quantum-garden-cover_orig.jpg\" alt=\"\" class=\"wp-image-9557\" srcset=\"https:\/\/www.fantasticaficcion.com\/wp-content\/uploads\/2019\/03\/quantum-garden-cover_orig.jpg 900w, https:\/\/www.fantasticaficcion.com\/wp-content\/uploads\/2019\/03\/quantum-garden-cover_orig-150x150.jpg 150w, https:\/\/www.fantasticaficcion.com\/wp-content\/uploads\/2019\/03\/quantum-garden-cover_orig-300x300.jpg 300w, https:\/\/www.fantasticaficcion.com\/wp-content\/uploads\/2019\/03\/quantum-garden-cover_orig-768x768.jpg 768w, https:\/\/www.fantasticaficcion.com\/wp-content\/uploads\/2019\/03\/quantum-garden-cover_orig-100x100.jpg 100w\" sizes=\"auto, (max-width: 767px) 89vw, (max-width: 1000px) 54vw, (max-width: 1071px) 543px, 580px\" \/><\/figure>\n","protected":false},"excerpt":{"rendered":"<p>Indudablemente una de las mejores lecturas del a\u00f1o pasado fue The Quantum Magician de Derek Kunsken, al que adem\u00e1s tuvimos la incre\u00edble suerte de entrevistar en los VerdHugos. Es por esto que me alegra much\u00edsimo ver que la continuaci\u00f3n del libro, que se titular\u00e1 The Quantum Garden, ya tiene portada y fecha de publicaci\u00f3n. Ser\u00e1 &hellip; <\/p>\n<p class=\"link-more\"><a href=\"https:\/\/www.fantasticaficcion.com\/index.php\/portada-de-the-quantum-garden\/\" class=\"more-link\">Continuar leyendo<span class=\"screen-reader-text\"> &#8220;Portada de The Quantum Garden&#8221;<\/span><\/a><\/p>\n","protected":false},"author":1,"featured_media":9557,"comment_status":"open","ping_status":"open","sticky":false,"template":"","format":"standard","meta":{"jetpack_post_was_ever_published":false,"_jetpack_newsletter_access":"","_jetpack_dont_email_post_to_subs":false,"_jetpack_newsletter_tier_id":0,"_jetpack_memberships_contains_paywalled_content":false,"_jetpack_memberships_contains_paid_content":false,"footnotes":""},"categories":[10],"tags":[1085,190,96],"class_list":["post-9556","post","type-post","status-publish","format-standard","has-post-thumbnail","hentry","category-ciencia-ficcion-2","tag-derek-kunsken","tag-noticias","tag-portadas"],"jetpack_featured_media_url":"https:\/\/www.fantasticaficcion.com\/wp-content\/uploads\/2019\/03\/quantum-garden-cover_orig.jpg","jetpack_shortlink":"https:\/\/wp.me\/p5fEpk-2u8","jetpack_sharing_enabled":true,"_links":{"self":[{"href":"https:\/\/www.fantasticaficcion.com\/index.php\/wp-json\/wp\/v2\/posts\/9556","targetHints":{"allow":["GET"]}}],"collection":[{"href":"https:\/\/www.fantasticaficcion.com\/index.php\/wp-json\/wp\/v2\/posts"}],"about":[{"href":"https:\/\/www.fantasticaficcion.com\/index.php\/wp-json\/wp\/v2\/types\/post"}],"author":[{"embeddable":true,"href":"https:\/\/www.fantasticaficcion.com\/index.php\/wp-json\/wp\/v2\/users\/1"}],"replies":[{"embeddable":true,"href":"https:\/\/www.fantasticaficcion.com\/index.php\/wp-json\/wp\/v2\/comments?post=9556"}],"version-history":[{"count":1,"href":"https:\/\/www.fantasticaficcion.com\/index.php\/wp-json\/wp\/v2\/posts\/9556\/revisions"}],"predecessor-version":[{"id":9558,"href":"https:\/\/www.fantasticaficcion.com\/index.php\/wp-json\/wp\/v2\/posts\/9556\/revisions\/9558"}],"wp:featuredmedia":[{"embeddable":true,"href":"https:\/\/www.fantasticaficcion.com\/index.php\/wp-json\/wp\/v2\/media\/9557"}],"wp:attachment":[{"href":"https:\/\/www.fantasticaficcion.com\/index.php\/wp-json\/wp\/v2\/media?parent=9556"}],"wp:term":[{"taxonomy":"category","embeddable":true,"href":"https:\/\/www.fantasticaficcion.com\/index.php\/wp-json\/wp\/v2\/categories?post=9556"},{"taxonomy":"post_tag","embeddable":true,"href":"https:\/\/www.fantasticaficcion.com\/index.php\/wp-json\/wp\/v2\/tags?post=9556"}],"curies":[{"name":"wp","href":"https:\/\/api.w.org\/{rel}","templated":true}]}}