{"id":9366,"date":"2019-02-08T06:30:12","date_gmt":"2019-02-08T06:30:12","guid":{"rendered":"http:\/\/www.fantasticaficcion.com\/?p=9366"},"modified":"2019-01-23T07:39:33","modified_gmt":"2019-01-23T07:39:33","slug":"desvelada-la-portada-de-longer","status":"publish","type":"post","link":"https:\/\/www.fantasticaficcion.com\/index.php\/desvelada-la-portada-de-longer\/","title":{"rendered":"Desvelada la portada de Longer"},"content":{"rendered":"\n<p><a href=\"https:\/\/www.tor.com\/2019\/01\/22\/cover-reveal-michael-blumlein-longer\/\">Aqu\u00ed os traigo la que ser\u00e1 portada<\/a> de <strong><em>Longer<\/em><\/strong>, una <em>novella\u00a0<\/em>de Michael Blumlein centrada en grandes preguntas sobre la mortalidad humana y lo que significa envejecer, con dise\u00f1o de Christine Foltzer. La fecha de publicaci\u00f3n es el 28 de mayo de la mano de Tor.com.<\/p>\n\n\n\n<p>Esta es la sinopsis:<\/p>\n\n\n\n<blockquote class=\"wp-block-quote is-layout-flow wp-block-quote-is-layout-flow\"><p>Gunjita and Cav are orbiting in space performing R &amp; D pharmaceutical studies for Gleem Galactic. They are wealthy enough to participate in rejuvenation: rebooting themselves from old age to jump their bodies back to their twenties. You get two chances. The third time is a calculated risk.<\/p><p>Gunjita has \u201cjuved\u201d for her second and last time, but Cav is reluctant to join her. Instead he\u2019s obsessed with the unidentified object that they encounter out in space. Is it alive? He believes that it just might be. The prospect of first contact is possible, but their marriage may not survive the challenge\u2026<\/p><\/blockquote>\n\n\n\n<p>Mi traducci\u00f3n:<\/p>\n\n\n\n<blockquote class=\"wp-block-quote is-layout-flow wp-block-quote-is-layout-flow\"><p>Gunjita y Cav est\u00e1n orbitando en el espacio mientras llevan a cabo estudios farmac\u00e9uticos para Gleem Galactic. Son los suficientemente ricos para participar en el proceso de rejuvenecimiento: &#8220;reiniciarse&#8221; para que sus cuerpo vuelvan a estar en la veintena. Tienes dos oportunidades. La tercera vez es m\u00e1s arriesgado.<\/p><p>Gunjita ya ha rejuvenecido por segunda y \u00faltima vez, pero Cav no se terminad decidir. Al contrario, est\u00e1 obsesionado con el objeto inidentificado que han encontrado en el espacio. \u00bfEst\u00e1 vivo? \u00c9l cree que s\u00ed. La perspectiva de un primer contacto es posible, pero puede que su matrimonio no sobreviva al desaf\u00edo&#8230;<\/p><cite><br><\/cite><\/blockquote>\n\n\n\n<p>Esta es la portada:<\/p>\n\n\n\n<figure class=\"wp-block-image\"><img loading=\"lazy\" decoding=\"async\" width=\"640\" height=\"1024\" src=\"https:\/\/www.fantasticaficcion.com\/wp-content\/uploads\/2019\/01\/Longer_Final-640x1024.jpg\" alt=\"\" class=\"wp-image-9367\" srcset=\"https:\/\/www.fantasticaficcion.com\/wp-content\/uploads\/2019\/01\/Longer_Final-640x1024.jpg 640w, https:\/\/www.fantasticaficcion.com\/wp-content\/uploads\/2019\/01\/Longer_Final-187x300.jpg 187w, https:\/\/www.fantasticaficcion.com\/wp-content\/uploads\/2019\/01\/Longer_Final.jpg 768w\" sizes=\"auto, (max-width: 640px) 100vw, 640px\" \/><\/figure>\n\n\n\n<p>Os parecer\u00e1 una tonter\u00eda, pero me descolocan totalmente esas botas de cordones para ir al espacio exterior&#8230;<\/p>\n","protected":false},"excerpt":{"rendered":"<p>Aqu\u00ed os traigo la que ser\u00e1 portada de Longer, una novella\u00a0de Michael Blumlein centrada en grandes preguntas sobre la mortalidad humana y lo que significa envejecer, con dise\u00f1o de Christine Foltzer. La fecha de publicaci\u00f3n es el 28 de mayo de la mano de Tor.com. Esta es la sinopsis: Gunjita and Cav are orbiting in &hellip; <\/p>\n<p class=\"link-more\"><a href=\"https:\/\/www.fantasticaficcion.com\/index.php\/desvelada-la-portada-de-longer\/\" class=\"more-link\">Continuar leyendo<span class=\"screen-reader-text\"> &#8220;Desvelada la portada de Longer&#8221;<\/span><\/a><\/p>\n","protected":false},"author":1,"featured_media":9367,"comment_status":"open","ping_status":"open","sticky":false,"template":"","format":"standard","meta":{"jetpack_post_was_ever_published":false,"_jetpack_newsletter_access":"","_jetpack_dont_email_post_to_subs":false,"_jetpack_newsletter_tier_id":0,"_jetpack_memberships_contains_paywalled_content":false,"_jetpack_memberships_contains_paid_content":false,"footnotes":""},"categories":[830,10],"tags":[1153,190,96],"class_list":["post-9366","post","type-post","status-publish","format-standard","has-post-thumbnail","hentry","category-artistas","category-ciencia-ficcion-2","tag-michael-blumlein","tag-noticias","tag-portadas"],"jetpack_featured_media_url":"https:\/\/www.fantasticaficcion.com\/wp-content\/uploads\/2019\/01\/Longer_Final.jpg","jetpack_shortlink":"https:\/\/wp.me\/p5fEpk-2r4","jetpack_sharing_enabled":true,"_links":{"self":[{"href":"https:\/\/www.fantasticaficcion.com\/index.php\/wp-json\/wp\/v2\/posts\/9366","targetHints":{"allow":["GET"]}}],"collection":[{"href":"https:\/\/www.fantasticaficcion.com\/index.php\/wp-json\/wp\/v2\/posts"}],"about":[{"href":"https:\/\/www.fantasticaficcion.com\/index.php\/wp-json\/wp\/v2\/types\/post"}],"author":[{"embeddable":true,"href":"https:\/\/www.fantasticaficcion.com\/index.php\/wp-json\/wp\/v2\/users\/1"}],"replies":[{"embeddable":true,"href":"https:\/\/www.fantasticaficcion.com\/index.php\/wp-json\/wp\/v2\/comments?post=9366"}],"version-history":[{"count":1,"href":"https:\/\/www.fantasticaficcion.com\/index.php\/wp-json\/wp\/v2\/posts\/9366\/revisions"}],"predecessor-version":[{"id":9368,"href":"https:\/\/www.fantasticaficcion.com\/index.php\/wp-json\/wp\/v2\/posts\/9366\/revisions\/9368"}],"wp:featuredmedia":[{"embeddable":true,"href":"https:\/\/www.fantasticaficcion.com\/index.php\/wp-json\/wp\/v2\/media\/9367"}],"wp:attachment":[{"href":"https:\/\/www.fantasticaficcion.com\/index.php\/wp-json\/wp\/v2\/media?parent=9366"}],"wp:term":[{"taxonomy":"category","embeddable":true,"href":"https:\/\/www.fantasticaficcion.com\/index.php\/wp-json\/wp\/v2\/categories?post=9366"},{"taxonomy":"post_tag","embeddable":true,"href":"https:\/\/www.fantasticaficcion.com\/index.php\/wp-json\/wp\/v2\/tags?post=9366"}],"curies":[{"name":"wp","href":"https:\/\/api.w.org\/{rel}","templated":true}]}}