{"id":9318,"date":"2019-01-22T06:30:09","date_gmt":"2019-01-22T06:30:09","guid":{"rendered":"http:\/\/www.fantasticaficcion.com\/?p=9318"},"modified":"2019-01-08T10:39:28","modified_gmt":"2019-01-08T10:39:28","slug":"portada-de-gideon-the-ninth","status":"publish","type":"post","link":"https:\/\/www.fantasticaficcion.com\/index.php\/portada-de-gideon-the-ninth\/","title":{"rendered":"Portada de Gideon the Ninth"},"content":{"rendered":"\n<p><strong><em>Gideon the Ninth<\/em><\/strong> es un libro del que <a href=\"https:\/\/www.tor.com\/2019\/01\/07\/gideon-the-ninth-cover-reveal\/\">se est\u00e1 hablando mucho<\/a> en los mentideros del <em>fandom <\/em>anglosaj\u00f3n. Y ese <em>hype <\/em>sigue aumentado gracias a la portada que se han marcado, que os traigo aqu\u00ed:<\/p>\n\n\n\n<figure class=\"wp-block-image\"><img loading=\"lazy\" decoding=\"async\" width=\"640\" height=\"989\" src=\"https:\/\/www.fantasticaficcion.com\/wp-content\/uploads\/2019\/01\/Gideon-the-Ninth-cover.jpg\" alt=\"\" class=\"wp-image-9319\" srcset=\"https:\/\/www.fantasticaficcion.com\/wp-content\/uploads\/2019\/01\/Gideon-the-Ninth-cover.jpg 640w, https:\/\/www.fantasticaficcion.com\/wp-content\/uploads\/2019\/01\/Gideon-the-Ninth-cover-194x300.jpg 194w\" sizes=\"auto, (max-width: 640px) 100vw, 640px\" \/><\/figure>\n\n\n\n<p>Tor.com publicar\u00e1 este libro el 10 de septiembre y s\u00e9 de m\u00e1s de uno que estar\u00e1 mordi\u00e9ndose las u\u00f1as hasta entonces.<\/p>\n","protected":false},"excerpt":{"rendered":"<p>Gideon the Ninth es un libro del que se est\u00e1 hablando mucho en los mentideros del fandom anglosaj\u00f3n. Y ese hype sigue aumentado gracias a la portada que se han marcado, que os traigo aqu\u00ed: Tor.com publicar\u00e1 este libro el 10 de septiembre y s\u00e9 de m\u00e1s de uno que estar\u00e1 mordi\u00e9ndose las u\u00f1as hasta &hellip; <\/p>\n<p class=\"link-more\"><a href=\"https:\/\/www.fantasticaficcion.com\/index.php\/portada-de-gideon-the-ninth\/\" class=\"more-link\">Continuar leyendo<span class=\"screen-reader-text\"> &#8220;Portada de Gideon the Ninth&#8221;<\/span><\/a><\/p>\n","protected":false},"author":1,"featured_media":9319,"comment_status":"open","ping_status":"open","sticky":false,"template":"","format":"standard","meta":{"jetpack_post_was_ever_published":false,"_jetpack_newsletter_access":"","_jetpack_dont_email_post_to_subs":false,"_jetpack_newsletter_tier_id":0,"_jetpack_memberships_contains_paywalled_content":false,"_jetpack_memberships_contains_paid_content":false,"footnotes":""},"categories":[5],"tags":[190,96,711],"class_list":["post-9318","post","type-post","status-publish","format-standard","has-post-thumbnail","hentry","category-fantasia","tag-noticias","tag-portadas","tag-tamsyn-muir"],"jetpack_featured_media_url":"https:\/\/www.fantasticaficcion.com\/wp-content\/uploads\/2019\/01\/Gideon-the-Ninth-cover.jpg","jetpack_shortlink":"https:\/\/wp.me\/p5fEpk-2qi","jetpack_sharing_enabled":true,"_links":{"self":[{"href":"https:\/\/www.fantasticaficcion.com\/index.php\/wp-json\/wp\/v2\/posts\/9318","targetHints":{"allow":["GET"]}}],"collection":[{"href":"https:\/\/www.fantasticaficcion.com\/index.php\/wp-json\/wp\/v2\/posts"}],"about":[{"href":"https:\/\/www.fantasticaficcion.com\/index.php\/wp-json\/wp\/v2\/types\/post"}],"author":[{"embeddable":true,"href":"https:\/\/www.fantasticaficcion.com\/index.php\/wp-json\/wp\/v2\/users\/1"}],"replies":[{"embeddable":true,"href":"https:\/\/www.fantasticaficcion.com\/index.php\/wp-json\/wp\/v2\/comments?post=9318"}],"version-history":[{"count":1,"href":"https:\/\/www.fantasticaficcion.com\/index.php\/wp-json\/wp\/v2\/posts\/9318\/revisions"}],"predecessor-version":[{"id":9320,"href":"https:\/\/www.fantasticaficcion.com\/index.php\/wp-json\/wp\/v2\/posts\/9318\/revisions\/9320"}],"wp:featuredmedia":[{"embeddable":true,"href":"https:\/\/www.fantasticaficcion.com\/index.php\/wp-json\/wp\/v2\/media\/9319"}],"wp:attachment":[{"href":"https:\/\/www.fantasticaficcion.com\/index.php\/wp-json\/wp\/v2\/media?parent=9318"}],"wp:term":[{"taxonomy":"category","embeddable":true,"href":"https:\/\/www.fantasticaficcion.com\/index.php\/wp-json\/wp\/v2\/categories?post=9318"},{"taxonomy":"post_tag","embeddable":true,"href":"https:\/\/www.fantasticaficcion.com\/index.php\/wp-json\/wp\/v2\/tags?post=9318"}],"curies":[{"name":"wp","href":"https:\/\/api.w.org\/{rel}","templated":true}]}}