{"id":9310,"date":"2019-01-10T06:30:00","date_gmt":"2019-01-10T06:30:00","guid":{"rendered":"http:\/\/www.fantasticaficcion.com\/?p=9310"},"modified":"2019-01-04T12:40:16","modified_gmt":"2019-01-04T12:40:16","slug":"la-danza-del-gohut","status":"publish","type":"post","link":"https:\/\/www.fantasticaficcion.com\/index.php\/la-danza-del-gohut\/","title":{"rendered":"La danza del gohut"},"content":{"rendered":"\n<p>Se han juntado dos razones para que acabara leyendo <strong><em>La danza del gohut<\/em><\/strong>. La primera, como creo que la de bastantes otros, es la recomendaci\u00f3n que hizo Alex en el \u00faltimo programa de los VerdHugos de 2018. Pero es que adem\u00e1s, tengo el prop\u00f3sito de leer m\u00e1s libros escritos originalmente en espa\u00f1ol, ya que \u00faltimamente el ingl\u00e9s est\u00e1 monopolizando mis lecturas y me temo que influyendo mucho tambi\u00e9n en c\u00f3mo escribo.<\/p>\n\n\n\n<div class=\"wp-block-image\"><figure class=\"alignright is-resized\"><img loading=\"lazy\" decoding=\"async\" src=\"https:\/\/www.fantasticaficcion.com\/wp-content\/uploads\/2019\/01\/La-danza-del-gohut.jpg\" alt=\"\" class=\"wp-image-9311\" width=\"211\" height=\"321\" srcset=\"https:\/\/www.fantasticaficcion.com\/wp-content\/uploads\/2019\/01\/La-danza-del-gohut.jpg 379w, https:\/\/www.fantasticaficcion.com\/wp-content\/uploads\/2019\/01\/La-danza-del-gohut-197x300.jpg 197w\" sizes=\"auto, (max-width: 211px) 100vw, 211px\" \/><\/figure><\/div>\n\n\n\n<p>Ferr\u00e1n Varela escribe una historia de opuestos que acaban complement\u00e1ndose. Como bien expresa Mariano Villarreal en el pr\u00f3logo el tao\u00edsmo es una de las interpretaciones filos\u00f3ficas que emanan de la historia. Pero es cierto que no es el \u00fanico tema que se explora en poco m\u00e1s de cien p\u00e1ginas. Tambi\u00e9n se explaya sobre la posibilidad de redenci\u00f3n de las faltas cometidas, las consabidas desigualdades sociales (sea en un mundo pseudomedieval, sea en nuestro propio momento temporal) y las responsabilidades impuestas por la sociedad.<\/p>\n\n\n\n<p>La estructura del relato, que decide comenzar casi por el final, se adapta como un guante a esta compleja mezcla de intenciones. Indudablemente quita algo de fuerza a la narraci\u00f3n porque ya sabemos algo de lo que pasar\u00e1, pero es un problema m\u00ednimo comparado con la libertad que ofrece saber hacia d\u00f3nde encamina sus pasos el autor, permiti\u00e9ndole centrarse en otros aspectos.<\/p>\n\n\n\n<p>Me ha encantado la prosa que utiliza Varela, buscando en todo momento la palabra adecuada, mencionando por ejemplo un bargue\u00f1o cuando perfectamente podr\u00eda haber dicho mueble, consiguiendo as\u00ed una riqueza l\u00e9xica que hace resaltar a\u00fan m\u00e1s la obra. <\/p>\n\n\n\n<p>Tambi\u00e9n me parece destacable la creaci\u00f3n del mundo, c\u00f3mo deja entrever algo mucho m\u00e1s complejo de lo que somos capaces de leer en un espacio tan corto, con detalles como el juego<em> La toma del castillo<\/em>, del que indudablemente me gustar\u00eda conocer las reglas o la estructura universitaria en la que la tutora aspira a ascender.<\/p>\n\n\n\n<p>En definitiva, recomiendo mucho la lectura de <strong><em>La danza del gohut<\/em><\/strong>. Y ahora tendr\u00e9 que seguir buscando las recomendaciones de Alex, porque desde luego con esta ha dado en la diana.<\/p>\n","protected":false},"excerpt":{"rendered":"<p>Se han juntado dos razones para que acabara leyendo La danza del gohut. La primera, como creo que la de bastantes otros, es la recomendaci\u00f3n que hizo Alex en el \u00faltimo programa de los VerdHugos de 2018. Pero es que adem\u00e1s, tengo el prop\u00f3sito de leer m\u00e1s libros escritos originalmente en espa\u00f1ol, ya que \u00faltimamente &hellip; <\/p>\n<p class=\"link-more\"><a href=\"https:\/\/www.fantasticaficcion.com\/index.php\/la-danza-del-gohut\/\" class=\"more-link\">Continuar leyendo<span class=\"screen-reader-text\"> &#8220;La danza del gohut&#8221;<\/span><\/a><\/p>\n","protected":false},"author":1,"featured_media":0,"comment_status":"open","ping_status":"open","sticky":false,"template":"","format":"standard","meta":{"jetpack_post_was_ever_published":false,"_jetpack_newsletter_access":"","_jetpack_dont_email_post_to_subs":false,"_jetpack_newsletter_tier_id":0,"_jetpack_memberships_contains_paywalled_content":false,"_jetpack_memberships_contains_paid_content":false,"footnotes":""},"categories":[823,5,829],"tags":[664,1148,14,8],"class_list":["post-9310","post","type-post","status-publish","format-standard","hentry","category-espanol","category-fantasia","category-resena","tag-fantasia","tag-ferran-varela","tag-libros-en-espanol","tag-resenas"],"jetpack_featured_media_url":"","jetpack_shortlink":"https:\/\/wp.me\/p5fEpk-2qa","jetpack_sharing_enabled":true,"_links":{"self":[{"href":"https:\/\/www.fantasticaficcion.com\/index.php\/wp-json\/wp\/v2\/posts\/9310","targetHints":{"allow":["GET"]}}],"collection":[{"href":"https:\/\/www.fantasticaficcion.com\/index.php\/wp-json\/wp\/v2\/posts"}],"about":[{"href":"https:\/\/www.fantasticaficcion.com\/index.php\/wp-json\/wp\/v2\/types\/post"}],"author":[{"embeddable":true,"href":"https:\/\/www.fantasticaficcion.com\/index.php\/wp-json\/wp\/v2\/users\/1"}],"replies":[{"embeddable":true,"href":"https:\/\/www.fantasticaficcion.com\/index.php\/wp-json\/wp\/v2\/comments?post=9310"}],"version-history":[{"count":1,"href":"https:\/\/www.fantasticaficcion.com\/index.php\/wp-json\/wp\/v2\/posts\/9310\/revisions"}],"predecessor-version":[{"id":9312,"href":"https:\/\/www.fantasticaficcion.com\/index.php\/wp-json\/wp\/v2\/posts\/9310\/revisions\/9312"}],"wp:attachment":[{"href":"https:\/\/www.fantasticaficcion.com\/index.php\/wp-json\/wp\/v2\/media?parent=9310"}],"wp:term":[{"taxonomy":"category","embeddable":true,"href":"https:\/\/www.fantasticaficcion.com\/index.php\/wp-json\/wp\/v2\/categories?post=9310"},{"taxonomy":"post_tag","embeddable":true,"href":"https:\/\/www.fantasticaficcion.com\/index.php\/wp-json\/wp\/v2\/tags?post=9310"}],"curies":[{"name":"wp","href":"https:\/\/api.w.org\/{rel}","templated":true}]}}