{"id":9300,"date":"2019-01-23T06:30:48","date_gmt":"2019-01-23T06:30:48","guid":{"rendered":"http:\/\/www.fantasticaficcion.com\/?p=9300"},"modified":"2019-01-08T18:49:15","modified_gmt":"2019-01-08T18:49:15","slug":"fechas-de-publicacion-de-recomendaciones-de-verdhugos","status":"publish","type":"post","link":"https:\/\/www.fantasticaficcion.com\/index.php\/fechas-de-publicacion-de-recomendaciones-de-verdhugos\/","title":{"rendered":"Fechas de publicaci\u00f3n de recomendaciones de VerdHugos"},"content":{"rendered":"\n<p><a href=\"http:\/\/verdhugos.blogspot.com\/2018\/12\/verdhugos-s0702-lo-mejor-de-2018.html\">En el \u00faltimo programa de los VerdHugos <\/a>hablamos sobre las novedades m\u00e1s esperadas de este a\u00f1o 2019, as\u00ed que me parece interesante ver exactamente en qu\u00e9 fecha se publican estos libros (en el que caso de que se sepa). Tambi\u00e9n las he ordenado por fecha de publicaci\u00f3n para facilitar la consulta.<\/p>\n\n\n\n<p>Seanan McGuire<strong><em> In an Absent Dream&nbsp;<\/em><\/strong>8 de enero<\/p>\n\n\n\n<p>Alastair Reynolds<strong><em> Shadow Captain&nbsp;<\/em><\/strong>15 de enero<\/p>\n\n\n\n<p>Marlon James <strong><em>Black Leopard, Red Wolf&nbsp;<\/em><\/strong>5 de febrero<\/p>\n\n\n\n<p>Ken Liu ed. <strong><em>Broken Stars<\/em><\/strong> 19 de febrero<\/p>\n\n\n\n<p>Elizabeth Bear <strong><em>Ancestral Night&nbsp;<\/em><\/strong>5 de marzo<\/p>\n\n\n\n<p>Nini Shawl ed. <strong><em>New Suns&nbsp;<\/em><\/strong>18 de marzo<\/p>\n\n\n\n<p>Ian McDonald <strong><em>Luna : Moon Rising&nbsp;<\/em><\/strong>19 de marzo<\/p>\n\n\n\n<p>Alastair Reynolds <strong><em>Permafrost&nbsp;<\/em><\/strong>19 de marzo<\/p>\n\n\n\n<p>Sarah Pinsker <strong><em>Sooner o Later Everything Falls into the Sea&nbsp;<\/em><\/strong>19 de marzo<\/p>\n\n\n\n<p>Kameron Hurley <strong><em>The Light Brigade&nbsp;<\/em><\/strong>19 de marzo<\/p>\n\n\n\n<p>Arkady Martin <strong><em>A Memory Called Empire&nbsp;<\/em><\/strong>26 de marzo<\/p>\n\n\n\n<p>William Gibson <strong><em>Agency&nbsp;<\/em><\/strong>2 de abril<\/p>\n\n\n\n<p>Adrian Tchaikovsky <strong><em>Cage of Souls&nbsp;<\/em><\/strong>4 de abril<\/p>\n\n\n\n<p>Emma Newman <strong><em>Atlas Alone&nbsp;<\/em><\/strong>18 de abril<\/p>\n\n\n\n<p>Chen Qiufan <strong><em>The Waste Tide&nbsp;<\/em><\/strong>30 de abril<\/p>\n\n\n\n<p>Adrian Tchaikovsky <strong><em>Children of Ruin<\/em><\/strong> 14 de mayo<\/p>\n\n\n\n<p>Elizabeth Bear <strong><em>The Red Stained Wings&nbsp;<\/em><\/strong>28 de mayo<\/p>\n\n\n\n<p>Adrian Tchaikovsky <strong><em>Walking to Aldebar\u00e1n&nbsp;<\/em><\/strong>28 de mayo<\/p>\n\n\n\n<p>Fonda Lee<strong><em> Jade War&nbsp;<\/em><\/strong>23 de julio<br><br>Emily Davenport&nbsp; <strong><em>Medusa in the Graveyard&nbsp;<\/em><\/strong>23 de julio<\/p>\n\n\n\n<p>Aliette de Bodard <strong><em>House of Sundering Flames&nbsp;<\/em><\/strong>25 de julio<\/p>\n\n\n\n<p>NK Jemisin <strong><em>The City We Became &nbsp;<\/em><\/strong>5 de septiembre<\/p>\n\n\n\n<p>Joe Abercrombie <strong><em>A Little Hatred&nbsp;&nbsp;<\/em><\/strong>19 de septiembre<\/p>\n\n\n\n<p>Kameron Hurley <strong><em>The Broken Heavens&nbsp;<\/em><\/strong>12 de noviembre<\/p>\n\n\n\n<p>Brandon Sanderson<strong><em> The Lost Metal&nbsp;(retrasado hasta 2021)<\/em><\/strong> <br><\/p>\n\n\n\n<p>\u00bfQu\u00e9 os parece? Yo dir\u00eda que el 19 de marzo implosiona el mundo editorial&#8230;<\/p>\n","protected":false},"excerpt":{"rendered":"<p>En el \u00faltimo programa de los VerdHugos hablamos sobre las novedades m\u00e1s esperadas de este a\u00f1o 2019, as\u00ed que me parece interesante ver exactamente en qu\u00e9 fecha se publican estos libros (en el que caso de que se sepa). Tambi\u00e9n las he ordenado por fecha de publicaci\u00f3n para facilitar la consulta. Seanan McGuire In an &hellip; <\/p>\n<p class=\"link-more\"><a href=\"https:\/\/www.fantasticaficcion.com\/index.php\/fechas-de-publicacion-de-recomendaciones-de-verdhugos\/\" class=\"more-link\">Continuar leyendo<span class=\"screen-reader-text\"> &#8220;Fechas de publicaci\u00f3n de recomendaciones de VerdHugos&#8221;<\/span><\/a><\/p>\n","protected":false},"author":1,"featured_media":0,"comment_status":"open","ping_status":"open","sticky":false,"template":"","format":"standard","meta":{"jetpack_post_was_ever_published":false,"_jetpack_newsletter_access":"","_jetpack_dont_email_post_to_subs":false,"_jetpack_newsletter_tier_id":0,"_jetpack_memberships_contains_paywalled_content":false,"_jetpack_memberships_contains_paid_content":false,"footnotes":""},"categories":[10,5],"tags":[190],"class_list":["post-9300","post","type-post","status-publish","format-standard","hentry","category-ciencia-ficcion-2","category-fantasia","tag-noticias"],"jetpack_featured_media_url":"","jetpack_shortlink":"https:\/\/wp.me\/p5fEpk-2q0","jetpack_sharing_enabled":true,"_links":{"self":[{"href":"https:\/\/www.fantasticaficcion.com\/index.php\/wp-json\/wp\/v2\/posts\/9300","targetHints":{"allow":["GET"]}}],"collection":[{"href":"https:\/\/www.fantasticaficcion.com\/index.php\/wp-json\/wp\/v2\/posts"}],"about":[{"href":"https:\/\/www.fantasticaficcion.com\/index.php\/wp-json\/wp\/v2\/types\/post"}],"author":[{"embeddable":true,"href":"https:\/\/www.fantasticaficcion.com\/index.php\/wp-json\/wp\/v2\/users\/1"}],"replies":[{"embeddable":true,"href":"https:\/\/www.fantasticaficcion.com\/index.php\/wp-json\/wp\/v2\/comments?post=9300"}],"version-history":[{"count":3,"href":"https:\/\/www.fantasticaficcion.com\/index.php\/wp-json\/wp\/v2\/posts\/9300\/revisions"}],"predecessor-version":[{"id":9323,"href":"https:\/\/www.fantasticaficcion.com\/index.php\/wp-json\/wp\/v2\/posts\/9300\/revisions\/9323"}],"wp:attachment":[{"href":"https:\/\/www.fantasticaficcion.com\/index.php\/wp-json\/wp\/v2\/media?parent=9300"}],"wp:term":[{"taxonomy":"category","embeddable":true,"href":"https:\/\/www.fantasticaficcion.com\/index.php\/wp-json\/wp\/v2\/categories?post=9300"},{"taxonomy":"post_tag","embeddable":true,"href":"https:\/\/www.fantasticaficcion.com\/index.php\/wp-json\/wp\/v2\/tags?post=9300"}],"curies":[{"name":"wp","href":"https:\/\/api.w.org\/{rel}","templated":true}]}}