{"id":9158,"date":"2018-11-30T06:30:03","date_gmt":"2018-11-30T06:30:03","guid":{"rendered":"http:\/\/www.fantasticaficcion.com\/?p=9158"},"modified":"2018-11-26T10:29:22","modified_gmt":"2018-11-26T10:29:22","slug":"portada-de-crowfall","status":"publish","type":"post","link":"https:\/\/www.fantasticaficcion.com\/index.php\/portada-de-crowfall\/","title":{"rendered":"Portada de Crowfall"},"content":{"rendered":"<p style=\"text-align: justify;\"><a href=\"https:\/\/www.gollancz.co.uk\/2018\/11\/22\/cover-reveal-crowfall-by-ed-mcdonald\/\">Os traigo la que ser\u00e1 portada de <em><strong>Crowfall<\/strong><\/em>,<\/a> la tercera y \u00faltima novela de\u00a0Ed McDonald. La portada es obra de <a href=\"https:\/\/www.bionicgraphics.co.uk\/\">Dan Smith de BionicGraphics<\/a>. La fecha de publicaci\u00f3n ser\u00e1 el trece de junio del a\u00f1o que viene.<\/p>\n<p>La portada sigue la l\u00ednea marcada por las anteriores de la serie, con una paleta de colores muy limitada pero no por ello menos impactante.<\/p>\n<p><a href=\"https:\/\/www.fantasticaficcion.com\/wp-content\/uploads\/2018\/11\/CROWFALL.jpg\"><img loading=\"lazy\" decoding=\"async\" class=\"aligncenter size-full wp-image-9159\" src=\"https:\/\/www.fantasticaficcion.com\/wp-content\/uploads\/2018\/11\/CROWFALL.jpg\" alt=\"\" width=\"694\" height=\"1024\" srcset=\"https:\/\/www.fantasticaficcion.com\/wp-content\/uploads\/2018\/11\/CROWFALL.jpg 694w, https:\/\/www.fantasticaficcion.com\/wp-content\/uploads\/2018\/11\/CROWFALL-203x300.jpg 203w\" sizes=\"auto, (max-width: 694px) 100vw, 694px\" \/><\/a><\/p>\n<p>Esta es la sinopsis:<\/p>\n<blockquote><p>A sorceress cataclysm has hit the Range, the final defensive line between the Republic and the immortal Deep Kings.<\/p>\n<p>Tormenting red rains sweep the land, new monstrosities feed on fear in the darkness, and the power of the Nameless, the gods who protect the Republic, lies broken. The Blackwing captains who serve them are being picked off one by one, and even immortals have learned what it means to die. Meanwhile the Deep Kings have only grown stronger, and are poised to deliver a blow that will finally end the war.<\/p>\n<p>Ryhalt Galharrow stands apart from it all.<\/p>\n<p>He has been deeper into the wasteland known as the Misery than ever before. It has grown within him \u2013 changed him \u2013 but all power comes with a price, and now the ghosts of his past, formerly confined to the Misery, walk with him everywhere.<\/p>\n<p>They will even follow him, and the few surviving Blackwing captains, on one final mission into the darkness.<\/p><\/blockquote>\n<p style=\"text-align: justify;\">Y mi traducci\u00f3n:<\/p>\n<blockquote><p>Un cataclismo de origen m\u00e1gico ha golpeado The Range, la l\u00ednea defensiva final entre la Rep\u00fablica y los inmortales Deep Kings.<\/p>\n<p>Lluvias tormentosas barren la tierra, nuevas monstruosidades se alimentan del miedo en la oscuridad y el poder de los Nameless, los dioses que protegen la Rep\u00fablica, yace roto. Los capitanes de Blackwing que les sirven est\u00e1n siendo eliminados uno a uno e incluso los inmortales ya saben lo que es morir. Mientras, los Deep Kings son cada vez m\u00e1s poderosos y se preparan para dar un \u00faltimo golpe que acabar\u00e1 con la guerra.<\/p>\n<p>Ryhalt Galharrow se ha apartado de todo.<\/p>\n<p>Ha estado en las profundidades del erial conocido como la Miseria a\u00fan m\u00e1s que antes. Ha crecido en \u00e9l, le ha cambiado, pero todos los poderes tienen un precio, y ahora los fantasmas de su pasado, anteriormente atrapados en la Miseria, le acompa\u00f1an a cualquier parte.<\/p>\n<p>Incluso le seguir\u00e1n, a \u00e9l y a los pocos capitanes Blackwing supervivientes, en una misi\u00f3n final hacia la oscuridad.<\/p><\/blockquote>\n","protected":false},"excerpt":{"rendered":"<p>Os traigo la que ser\u00e1 portada de Crowfall, la tercera y \u00faltima novela de\u00a0Ed McDonald. La portada es obra de Dan Smith de BionicGraphics. La fecha de publicaci\u00f3n ser\u00e1 el trece de junio del a\u00f1o que viene. La portada sigue la l\u00ednea marcada por las anteriores de la serie, con una paleta de colores muy &hellip; <\/p>\n<p class=\"link-more\"><a href=\"https:\/\/www.fantasticaficcion.com\/index.php\/portada-de-crowfall\/\" class=\"more-link\">Continuar leyendo<span class=\"screen-reader-text\"> &#8220;Portada de Crowfall&#8221;<\/span><\/a><\/p>\n","protected":false},"author":1,"featured_media":0,"comment_status":"open","ping_status":"open","sticky":false,"template":"","format":"standard","meta":{"jetpack_post_was_ever_published":false,"_jetpack_newsletter_access":"","_jetpack_dont_email_post_to_subs":false,"_jetpack_newsletter_tier_id":0,"_jetpack_memberships_contains_paywalled_content":false,"_jetpack_memberships_contains_paid_content":false,"footnotes":""},"categories":[5],"tags":[1081,190,96],"class_list":["post-9158","post","type-post","status-publish","format-standard","hentry","category-fantasia","tag-ed-mcdonald","tag-noticias","tag-portadas"],"jetpack_featured_media_url":"","jetpack_shortlink":"https:\/\/wp.me\/p5fEpk-2nI","jetpack_sharing_enabled":true,"_links":{"self":[{"href":"https:\/\/www.fantasticaficcion.com\/index.php\/wp-json\/wp\/v2\/posts\/9158","targetHints":{"allow":["GET"]}}],"collection":[{"href":"https:\/\/www.fantasticaficcion.com\/index.php\/wp-json\/wp\/v2\/posts"}],"about":[{"href":"https:\/\/www.fantasticaficcion.com\/index.php\/wp-json\/wp\/v2\/types\/post"}],"author":[{"embeddable":true,"href":"https:\/\/www.fantasticaficcion.com\/index.php\/wp-json\/wp\/v2\/users\/1"}],"replies":[{"embeddable":true,"href":"https:\/\/www.fantasticaficcion.com\/index.php\/wp-json\/wp\/v2\/comments?post=9158"}],"version-history":[{"count":2,"href":"https:\/\/www.fantasticaficcion.com\/index.php\/wp-json\/wp\/v2\/posts\/9158\/revisions"}],"predecessor-version":[{"id":9161,"href":"https:\/\/www.fantasticaficcion.com\/index.php\/wp-json\/wp\/v2\/posts\/9158\/revisions\/9161"}],"wp:attachment":[{"href":"https:\/\/www.fantasticaficcion.com\/index.php\/wp-json\/wp\/v2\/media?parent=9158"}],"wp:term":[{"taxonomy":"category","embeddable":true,"href":"https:\/\/www.fantasticaficcion.com\/index.php\/wp-json\/wp\/v2\/categories?post=9158"},{"taxonomy":"post_tag","embeddable":true,"href":"https:\/\/www.fantasticaficcion.com\/index.php\/wp-json\/wp\/v2\/tags?post=9158"}],"curies":[{"name":"wp","href":"https:\/\/api.w.org\/{rel}","templated":true}]}}