{"id":9137,"date":"2018-11-23T06:30:51","date_gmt":"2018-11-23T06:30:51","guid":{"rendered":"http:\/\/www.fantasticaficcion.com\/?p=9137"},"modified":"2018-11-16T07:09:17","modified_gmt":"2018-11-16T07:09:17","slug":"autonomous-sera-una-serie-de-tv","status":"publish","type":"post","link":"https:\/\/www.fantasticaficcion.com\/index.php\/autonomous-sera-una-serie-de-tv\/","title":{"rendered":"Autonomous ser\u00e1 una serie de TV"},"content":{"rendered":"<p style=\"text-align: justify;\">AMC ha comprado los derechos de\u00a0<a href=\"https:\/\/www.fantasticaficcion.com\/index.php\/autonomous\/\"><em><strong>Autonomous<\/strong><\/em><\/a>, el libro de Annalee Newitz que tan buenas opiniones recibi\u00f3 tras su publicaci\u00f3n. La idea ser\u00eda crear una serie de televisi\u00f3n basada en las peripecias del robot Paladin y compa\u00f1\u00eda.<\/p>\n<p style=\"text-align: justify;\">Newitz coescribi\u00f3 el piloto para la TV junto con Amanda Segel, conocida por su trabajo en <em>Person of Interest<\/em>,\u00a0<em>The Mist<\/em>, <em>Nikita<\/em>, y m\u00e1s.<\/p>\n<p style=\"text-align: justify;\">Aqu\u00ed el anuncio en twitter de la noticia:<\/p>\n<p><a href=\"https:\/\/www.fantasticaficcion.com\/wp-content\/uploads\/2018\/11\/autonomoustv.gif\"><img loading=\"lazy\" decoding=\"async\" class=\"aligncenter size-full wp-image-9138\" src=\"https:\/\/www.fantasticaficcion.com\/wp-content\/uploads\/2018\/11\/autonomoustv.gif\" alt=\"\" width=\"505\" height=\"364\" \/><\/a><\/p>\n","protected":false},"excerpt":{"rendered":"<p>AMC ha comprado los derechos de\u00a0Autonomous, el libro de Annalee Newitz que tan buenas opiniones recibi\u00f3 tras su publicaci\u00f3n. La idea ser\u00eda crear una serie de televisi\u00f3n basada en las peripecias del robot Paladin y compa\u00f1\u00eda. Newitz coescribi\u00f3 el piloto para la TV junto con Amanda Segel, conocida por su trabajo en Person of Interest,\u00a0The &hellip; <\/p>\n<p class=\"link-more\"><a href=\"https:\/\/www.fantasticaficcion.com\/index.php\/autonomous-sera-una-serie-de-tv\/\" class=\"more-link\">Continuar leyendo<span class=\"screen-reader-text\"> &#8220;Autonomous ser\u00e1 una serie de TV&#8221;<\/span><\/a><\/p>\n","protected":false},"author":1,"featured_media":0,"comment_status":"open","ping_status":"open","sticky":false,"template":"","format":"standard","meta":{"jetpack_post_was_ever_published":false,"_jetpack_newsletter_access":"","_jetpack_dont_email_post_to_subs":false,"_jetpack_newsletter_tier_id":0,"_jetpack_memberships_contains_paywalled_content":false,"_jetpack_memberships_contains_paid_content":false,"footnotes":""},"categories":[10],"tags":[491,1054,190],"class_list":["post-9137","post","type-post","status-publish","format-standard","hentry","category-ciencia-ficcion-2","tag-adaptaciones","tag-annalee-newitz","tag-noticias"],"jetpack_featured_media_url":"","jetpack_shortlink":"https:\/\/wp.me\/p5fEpk-2nn","jetpack_sharing_enabled":true,"_links":{"self":[{"href":"https:\/\/www.fantasticaficcion.com\/index.php\/wp-json\/wp\/v2\/posts\/9137","targetHints":{"allow":["GET"]}}],"collection":[{"href":"https:\/\/www.fantasticaficcion.com\/index.php\/wp-json\/wp\/v2\/posts"}],"about":[{"href":"https:\/\/www.fantasticaficcion.com\/index.php\/wp-json\/wp\/v2\/types\/post"}],"author":[{"embeddable":true,"href":"https:\/\/www.fantasticaficcion.com\/index.php\/wp-json\/wp\/v2\/users\/1"}],"replies":[{"embeddable":true,"href":"https:\/\/www.fantasticaficcion.com\/index.php\/wp-json\/wp\/v2\/comments?post=9137"}],"version-history":[{"count":1,"href":"https:\/\/www.fantasticaficcion.com\/index.php\/wp-json\/wp\/v2\/posts\/9137\/revisions"}],"predecessor-version":[{"id":9139,"href":"https:\/\/www.fantasticaficcion.com\/index.php\/wp-json\/wp\/v2\/posts\/9137\/revisions\/9139"}],"wp:attachment":[{"href":"https:\/\/www.fantasticaficcion.com\/index.php\/wp-json\/wp\/v2\/media?parent=9137"}],"wp:term":[{"taxonomy":"category","embeddable":true,"href":"https:\/\/www.fantasticaficcion.com\/index.php\/wp-json\/wp\/v2\/categories?post=9137"},{"taxonomy":"post_tag","embeddable":true,"href":"https:\/\/www.fantasticaficcion.com\/index.php\/wp-json\/wp\/v2\/tags?post=9137"}],"curies":[{"name":"wp","href":"https:\/\/api.w.org\/{rel}","templated":true}]}}