{"id":9079,"date":"2018-11-08T05:30:06","date_gmt":"2018-11-08T05:30:06","guid":{"rendered":"http:\/\/www.fantasticaficcion.com\/?p=9079"},"modified":"2018-10-25T10:52:05","modified_gmt":"2018-10-25T10:52:05","slug":"revelada-la-portada-de-the-red-stained-wings","status":"publish","type":"post","link":"https:\/\/www.fantasticaficcion.com\/index.php\/revelada-la-portada-de-the-red-stained-wings\/","title":{"rendered":"Revelada la portada de The Red-Stained Wings"},"content":{"rendered":"<p style=\"text-align: justify;\">Hace poco pudimos conocer <a href=\"https:\/\/www.tor.com\/2018\/10\/22\/revealing-elizabeth-bears-the-red-stained-wings-sequel-to-the-stone-in-the-skull\/\">cu\u00e1l ser\u00e1 la nueva portada<\/a> de\u00a0<em><strong>The Red-Stained Wings<\/strong><\/em>, la secuela de <em><strong>The Stone in the Skull <\/strong><\/em>que publicar\u00e1 Tor Books en mayo del a\u00f1o que viene.<\/p>\n<p style=\"text-align: justify;\">La cubierta es obra de Richard Anderson sigue la misma est\u00e9tica que la de la primera entrega, pero resulta mucho m\u00e1s impactante con esos tonos rojos tan acusados. \u00bfNo os parece?<\/p>\n<p><a href=\"https:\/\/www.fantasticaficcion.com\/wp-content\/uploads\/2018\/10\/Red-StainedWings_hc-1.png\"><img loading=\"lazy\" decoding=\"async\" class=\"aligncenter size-full wp-image-9081\" src=\"https:\/\/www.fantasticaficcion.com\/wp-content\/uploads\/2018\/10\/Red-StainedWings_hc-1.png\" alt=\"\" width=\"740\" height=\"1124\" srcset=\"https:\/\/www.fantasticaficcion.com\/wp-content\/uploads\/2018\/10\/Red-StainedWings_hc-1.png 740w, https:\/\/www.fantasticaficcion.com\/wp-content\/uploads\/2018\/10\/Red-StainedWings_hc-1-198x300.png 198w, https:\/\/www.fantasticaficcion.com\/wp-content\/uploads\/2018\/10\/Red-StainedWings_hc-1-674x1024.png 674w\" sizes=\"auto, (max-width: 706px) 89vw, (max-width: 767px) 82vw, 740px\" \/><\/a><\/p>\n","protected":false},"excerpt":{"rendered":"<p>Hace poco pudimos conocer cu\u00e1l ser\u00e1 la nueva portada de\u00a0The Red-Stained Wings, la secuela de The Stone in the Skull que publicar\u00e1 Tor Books en mayo del a\u00f1o que viene. La cubierta es obra de Richard Anderson sigue la misma est\u00e9tica que la de la primera entrega, pero resulta mucho m\u00e1s impactante con esos tonos &hellip; <\/p>\n<p class=\"link-more\"><a href=\"https:\/\/www.fantasticaficcion.com\/index.php\/revelada-la-portada-de-the-red-stained-wings\/\" class=\"more-link\">Continuar leyendo<span class=\"screen-reader-text\"> &#8220;Revelada la portada de The Red-Stained Wings&#8221;<\/span><\/a><\/p>\n","protected":false},"author":1,"featured_media":0,"comment_status":"open","ping_status":"open","sticky":false,"template":"","format":"standard","meta":{"jetpack_post_was_ever_published":false,"_jetpack_newsletter_access":"","_jetpack_dont_email_post_to_subs":false,"_jetpack_newsletter_tier_id":0,"_jetpack_memberships_contains_paywalled_content":false,"_jetpack_memberships_contains_paid_content":false,"footnotes":""},"categories":[830,5],"tags":[187,190,96],"class_list":["post-9079","post","type-post","status-publish","format-standard","hentry","category-artistas","category-fantasia","tag-elizabeth-bear","tag-noticias","tag-portadas"],"jetpack_featured_media_url":"","jetpack_shortlink":"https:\/\/wp.me\/p5fEpk-2mr","jetpack_sharing_enabled":true,"_links":{"self":[{"href":"https:\/\/www.fantasticaficcion.com\/index.php\/wp-json\/wp\/v2\/posts\/9079","targetHints":{"allow":["GET"]}}],"collection":[{"href":"https:\/\/www.fantasticaficcion.com\/index.php\/wp-json\/wp\/v2\/posts"}],"about":[{"href":"https:\/\/www.fantasticaficcion.com\/index.php\/wp-json\/wp\/v2\/types\/post"}],"author":[{"embeddable":true,"href":"https:\/\/www.fantasticaficcion.com\/index.php\/wp-json\/wp\/v2\/users\/1"}],"replies":[{"embeddable":true,"href":"https:\/\/www.fantasticaficcion.com\/index.php\/wp-json\/wp\/v2\/comments?post=9079"}],"version-history":[{"count":1,"href":"https:\/\/www.fantasticaficcion.com\/index.php\/wp-json\/wp\/v2\/posts\/9079\/revisions"}],"predecessor-version":[{"id":9082,"href":"https:\/\/www.fantasticaficcion.com\/index.php\/wp-json\/wp\/v2\/posts\/9079\/revisions\/9082"}],"wp:attachment":[{"href":"https:\/\/www.fantasticaficcion.com\/index.php\/wp-json\/wp\/v2\/media?parent=9079"}],"wp:term":[{"taxonomy":"category","embeddable":true,"href":"https:\/\/www.fantasticaficcion.com\/index.php\/wp-json\/wp\/v2\/categories?post=9079"},{"taxonomy":"post_tag","embeddable":true,"href":"https:\/\/www.fantasticaficcion.com\/index.php\/wp-json\/wp\/v2\/tags?post=9079"}],"curies":[{"name":"wp","href":"https:\/\/api.w.org\/{rel}","templated":true}]}}