{"id":9050,"date":"2018-11-07T05:30:24","date_gmt":"2018-11-07T05:30:24","guid":{"rendered":"http:\/\/www.fantasticaficcion.com\/?p=9050"},"modified":"2018-10-22T08:44:44","modified_gmt":"2018-10-22T08:44:44","slug":"portada-del-nuevo-libro-de-sam-j-miller","status":"publish","type":"post","link":"https:\/\/www.fantasticaficcion.com\/index.php\/portada-del-nuevo-libro-de-sam-j-miller\/","title":{"rendered":"Portada del nuevo libro de Sam J. Miller"},"content":{"rendered":"<p style=\"text-align: justify;\"><a href=\"https:\/\/www.instagram.com\/p\/BpE8vQJlE3d\/\">Hoy os traigo una buena noticia<\/a>. En julio de 2019 se publicar\u00e1 una nueva novela de Sam J. Miller de la mano de HarperTeen, titulada <em><strong>Destroy all Monsters.<\/strong><\/em><\/p>\n<p>Hay pocos datos al respecto pero os traigo la que hay disponible.<\/p>\n<blockquote><p>Half gritty contemporary and half epic fantasy, with both main characters\u2019 stories centering on the question of how we fight the monsters in our world.<\/p><\/blockquote>\n<p>Mi traducci\u00f3n:<\/p>\n<blockquote><p>Mitad fantas\u00eda contempor\u00e1nea y mitad fantas\u00eda \u00e9pica, con las historias de los dos personajes principales centradas en la cuesti\u00f3n de c\u00f3mo luchamos contra los monstruos en nuestro mundo.<\/p><\/blockquote>\n<p><a href=\"https:\/\/www.fantasticaficcion.com\/wp-content\/uploads\/2018\/10\/destroyallmonsters.gif\"><img loading=\"lazy\" decoding=\"async\" class=\"aligncenter size-full wp-image-9051\" src=\"https:\/\/www.fantasticaficcion.com\/wp-content\/uploads\/2018\/10\/destroyallmonsters.gif\" alt=\"\" width=\"374\" height=\"555\" \/><\/a><\/p>\n","protected":false},"excerpt":{"rendered":"<p>Hoy os traigo una buena noticia. En julio de 2019 se publicar\u00e1 una nueva novela de Sam J. Miller de la mano de HarperTeen, titulada Destroy all Monsters. Hay pocos datos al respecto pero os traigo la que hay disponible. Half gritty contemporary and half epic fantasy, with both main characters\u2019 stories centering on the &hellip; <\/p>\n<p class=\"link-more\"><a href=\"https:\/\/www.fantasticaficcion.com\/index.php\/portada-del-nuevo-libro-de-sam-j-miller\/\" class=\"more-link\">Continuar leyendo<span class=\"screen-reader-text\"> &#8220;Portada del nuevo libro de Sam J. Miller&#8221;<\/span><\/a><\/p>\n","protected":false},"author":1,"featured_media":0,"comment_status":"open","ping_status":"open","sticky":false,"template":"","format":"standard","meta":{"jetpack_post_was_ever_published":false,"_jetpack_newsletter_access":"","_jetpack_dont_email_post_to_subs":false,"_jetpack_newsletter_tier_id":0,"_jetpack_memberships_contains_paywalled_content":false,"_jetpack_memberships_contains_paid_content":false,"footnotes":""},"categories":[830],"tags":[190,96,712],"class_list":["post-9050","post","type-post","status-publish","format-standard","hentry","category-artistas","tag-noticias","tag-portadas","tag-sam-j-miller"],"jetpack_featured_media_url":"","jetpack_shortlink":"https:\/\/wp.me\/p5fEpk-2lY","jetpack_sharing_enabled":true,"_links":{"self":[{"href":"https:\/\/www.fantasticaficcion.com\/index.php\/wp-json\/wp\/v2\/posts\/9050","targetHints":{"allow":["GET"]}}],"collection":[{"href":"https:\/\/www.fantasticaficcion.com\/index.php\/wp-json\/wp\/v2\/posts"}],"about":[{"href":"https:\/\/www.fantasticaficcion.com\/index.php\/wp-json\/wp\/v2\/types\/post"}],"author":[{"embeddable":true,"href":"https:\/\/www.fantasticaficcion.com\/index.php\/wp-json\/wp\/v2\/users\/1"}],"replies":[{"embeddable":true,"href":"https:\/\/www.fantasticaficcion.com\/index.php\/wp-json\/wp\/v2\/comments?post=9050"}],"version-history":[{"count":1,"href":"https:\/\/www.fantasticaficcion.com\/index.php\/wp-json\/wp\/v2\/posts\/9050\/revisions"}],"predecessor-version":[{"id":9052,"href":"https:\/\/www.fantasticaficcion.com\/index.php\/wp-json\/wp\/v2\/posts\/9050\/revisions\/9052"}],"wp:attachment":[{"href":"https:\/\/www.fantasticaficcion.com\/index.php\/wp-json\/wp\/v2\/media?parent=9050"}],"wp:term":[{"taxonomy":"category","embeddable":true,"href":"https:\/\/www.fantasticaficcion.com\/index.php\/wp-json\/wp\/v2\/categories?post=9050"},{"taxonomy":"post_tag","embeddable":true,"href":"https:\/\/www.fantasticaficcion.com\/index.php\/wp-json\/wp\/v2\/tags?post=9050"}],"curies":[{"name":"wp","href":"https:\/\/api.w.org\/{rel}","templated":true}]}}