{"id":8995,"date":"2018-10-19T05:30:01","date_gmt":"2018-10-19T05:30:01","guid":{"rendered":"http:\/\/www.fantasticaficcion.com\/?p=8995"},"modified":"2018-10-19T06:05:17","modified_gmt":"2018-10-19T06:05:17","slug":"portada-de-a-chain-across-the-dawn","status":"publish","type":"post","link":"https:\/\/www.fantasticaficcion.com\/index.php\/portada-de-a-chain-across-the-dawn\/","title":{"rendered":"Portada de A Chain Across the Dawn"},"content":{"rendered":"<p style=\"text-align: justify;\"><a href=\"https:\/\/www.tor.com\/2018\/09\/26\/revealing-drew-williams-new-novel-a-chain-across-the-dawn\/\">Aqu\u00ed os traigo la que ser\u00e1 portada<\/a> de <strong><em>A Chain Across the Dawn<\/em><\/strong>, la segunda entrega en la serie Universe After de Drew Williams, que por cierto tengo pendiente la primera entrega.<\/p>\n<p style=\"text-align: justify;\"><strong><em>A Chain Across the Dawn<\/em><\/strong>, se publicar\u00e1 en mayo del a\u00f1o que viene de la mano de Tor Books.<\/p>\n<p style=\"text-align: justify;\">Esta es la sinopis:<\/p>\n<blockquote><p>It\u2019s been three years since Esa left her backwater planet to join the ranks of the Justified. Together, she and fellow agent Jane Kamali have been traveling across the known universe, searching for children who share Esa\u2019s supernatural gifts.<\/p>\n<p>On a visit to a particularly remote planet, they learn that they\u2019re not the only ones searching for gifted children. They find themselves on the tail of a mysterious being with impossible powers who will stop at nothing to get his hands on the very children that Esa and Jane are trying to save<\/p>\n<p>With their latest recruit in tow\u2014a young Wulf boy named Sho\u2014Esa and Jane must track their strange foe across the galaxy in search of answers. But the more they learn, the clearer it becomes\u2014their enemy may be harder to defeat than they ever could have imagined.<\/p><\/blockquote>\n<p style=\"text-align: justify;\">Mi traducci\u00f3n:<\/p>\n<blockquote><p>Hace tres a\u00f1os desde que Esa dej\u00f3 su rec\u00f3ndito planeta para unirse a los Justified. Juntos, ella y su compa\u00f1era Jane Kamali ha viajado a lo largo del universo conocido, buscando ni\u00f1os que comparten las dotes sobrenaturales de Esa.<\/p>\n<p>En una visita a un planeta particularmente remoto, tienen noticia de que no son los \u00fanicos buscando por ni\u00f1os dotados. Se encuentran siguiendo la pista de un ser misterioso con poderes imposibles que no se detendr\u00e1 ante nada para hacerse con todos los ni\u00f1os que Esa y Jane est\u00e1n intentando salvar.<\/p>\n<p>Con su \u00faltimo recluta &#8211; un joven chico Wulf llamado Sho &#8211;\u00a0 Esa y Jane deben rastrear a su extra\u00f1o enemigo a lo largo de la galaxia en busca de respuestas. Pero, conforme m\u00e1s aprenden, m\u00e1s claro tienen que puede ser imposible derrotarle.<\/p><\/blockquote>\n<p style=\"text-align: justify;\">Y la portada:<\/p>\n<p><a href=\"https:\/\/www.fantasticaficcion.com\/wp-content\/uploads\/2018\/10\/ChainAcrossTheDawn-cover.jpg\"><img loading=\"lazy\" decoding=\"async\" class=\"aligncenter size-full wp-image-8997\" src=\"https:\/\/www.fantasticaficcion.com\/wp-content\/uploads\/2018\/10\/ChainAcrossTheDawn-cover.jpg\" alt=\"\" width=\"740\" height=\"1110\" srcset=\"https:\/\/www.fantasticaficcion.com\/wp-content\/uploads\/2018\/10\/ChainAcrossTheDawn-cover.jpg 740w, https:\/\/www.fantasticaficcion.com\/wp-content\/uploads\/2018\/10\/ChainAcrossTheDawn-cover-200x300.jpg 200w, https:\/\/www.fantasticaficcion.com\/wp-content\/uploads\/2018\/10\/ChainAcrossTheDawn-cover-683x1024.jpg 683w\" sizes=\"auto, (max-width: 706px) 89vw, (max-width: 767px) 82vw, 740px\" \/><\/a><\/p>\n<p>&nbsp;<\/p>\n","protected":false},"excerpt":{"rendered":"<p>Aqu\u00ed os traigo la que ser\u00e1 portada de A Chain Across the Dawn, la segunda entrega en la serie Universe After de Drew Williams, que por cierto tengo pendiente la primera entrega. A Chain Across the Dawn, se publicar\u00e1 en mayo del a\u00f1o que viene de la mano de Tor Books. Esta es la sinopis: &hellip; <\/p>\n<p class=\"link-more\"><a href=\"https:\/\/www.fantasticaficcion.com\/index.php\/portada-de-a-chain-across-the-dawn\/\" class=\"more-link\">Continuar leyendo<span class=\"screen-reader-text\"> &#8220;Portada de A Chain Across the Dawn&#8221;<\/span><\/a><\/p>\n","protected":false},"author":1,"featured_media":0,"comment_status":"open","ping_status":"open","sticky":false,"template":"","format":"standard","meta":{"jetpack_post_was_ever_published":false,"_jetpack_newsletter_access":"","_jetpack_dont_email_post_to_subs":false,"_jetpack_newsletter_tier_id":0,"_jetpack_memberships_contains_paywalled_content":false,"_jetpack_memberships_contains_paid_content":false,"footnotes":""},"categories":[10],"tags":[1101,190,96],"class_list":["post-8995","post","type-post","status-publish","format-standard","hentry","category-ciencia-ficcion-2","tag-drew-williams","tag-noticias","tag-portadas"],"jetpack_featured_media_url":"","jetpack_shortlink":"https:\/\/wp.me\/p5fEpk-2l5","jetpack_sharing_enabled":true,"_links":{"self":[{"href":"https:\/\/www.fantasticaficcion.com\/index.php\/wp-json\/wp\/v2\/posts\/8995","targetHints":{"allow":["GET"]}}],"collection":[{"href":"https:\/\/www.fantasticaficcion.com\/index.php\/wp-json\/wp\/v2\/posts"}],"about":[{"href":"https:\/\/www.fantasticaficcion.com\/index.php\/wp-json\/wp\/v2\/types\/post"}],"author":[{"embeddable":true,"href":"https:\/\/www.fantasticaficcion.com\/index.php\/wp-json\/wp\/v2\/users\/1"}],"replies":[{"embeddable":true,"href":"https:\/\/www.fantasticaficcion.com\/index.php\/wp-json\/wp\/v2\/comments?post=8995"}],"version-history":[{"count":5,"href":"https:\/\/www.fantasticaficcion.com\/index.php\/wp-json\/wp\/v2\/posts\/8995\/revisions"}],"predecessor-version":[{"id":9049,"href":"https:\/\/www.fantasticaficcion.com\/index.php\/wp-json\/wp\/v2\/posts\/8995\/revisions\/9049"}],"wp:attachment":[{"href":"https:\/\/www.fantasticaficcion.com\/index.php\/wp-json\/wp\/v2\/media?parent=8995"}],"wp:term":[{"taxonomy":"category","embeddable":true,"href":"https:\/\/www.fantasticaficcion.com\/index.php\/wp-json\/wp\/v2\/categories?post=8995"},{"taxonomy":"post_tag","embeddable":true,"href":"https:\/\/www.fantasticaficcion.com\/index.php\/wp-json\/wp\/v2\/tags?post=8995"}],"curies":[{"name":"wp","href":"https:\/\/api.w.org\/{rel}","templated":true}]}}