{"id":8949,"date":"2018-10-02T05:30:43","date_gmt":"2018-10-02T05:30:43","guid":{"rendered":"http:\/\/www.fantasticaficcion.com\/?p=8949"},"modified":"2018-09-12T06:31:55","modified_gmt":"2018-09-12T06:31:55","slug":"apple-confirma-fundacion","status":"publish","type":"post","link":"https:\/\/www.fantasticaficcion.com\/index.php\/apple-confirma-fundacion\/","title":{"rendered":"Apple confirma Fundaci\u00f3n"},"content":{"rendered":"<p style=\"text-align: justify;\"><a href=\"https:\/\/scifibulletin.com\/2018\/08\/25\/apple-confirms-foundation\/\">Apple ha contratado la grabaci\u00f3n<\/a> de una serie de 10 episodios basada en Fundaci\u00f3n, la obra de Isaac Asimov.<\/p>\n<p style=\"text-align: justify;\">La producci\u00f3n de la serie corre a cargo de Skydance, David S. Goyer y Josh Friedman, con Robyn, la hija de Asimov como productora ejecutiva. No han trascendido m\u00e1s detalles sobre c\u00f3mo se va a afrontar el trabajo, o por qu\u00e9 libro se va a comenzar la adaptaci\u00f3n.<\/p>\n","protected":false},"excerpt":{"rendered":"<p>Apple ha contratado la grabaci\u00f3n de una serie de 10 episodios basada en Fundaci\u00f3n, la obra de Isaac Asimov. La producci\u00f3n de la serie corre a cargo de Skydance, David S. Goyer y Josh Friedman, con Robyn, la hija de Asimov como productora ejecutiva. No han trascendido m\u00e1s detalles sobre c\u00f3mo se va a afrontar &hellip; <\/p>\n<p class=\"link-more\"><a href=\"https:\/\/www.fantasticaficcion.com\/index.php\/apple-confirma-fundacion\/\" class=\"more-link\">Continuar leyendo<span class=\"screen-reader-text\"> &#8220;Apple confirma Fundaci\u00f3n&#8221;<\/span><\/a><\/p>\n","protected":false},"author":1,"featured_media":0,"comment_status":"open","ping_status":"open","sticky":false,"template":"","format":"standard","meta":{"jetpack_post_was_ever_published":false,"_jetpack_newsletter_access":"","_jetpack_dont_email_post_to_subs":false,"_jetpack_newsletter_tier_id":0,"_jetpack_memberships_contains_paywalled_content":false,"_jetpack_memberships_contains_paid_content":false,"footnotes":""},"categories":[10],"tags":[491,35,190],"class_list":["post-8949","post","type-post","status-publish","format-standard","hentry","category-ciencia-ficcion-2","tag-adaptaciones","tag-isaac-asimov","tag-noticias"],"jetpack_featured_media_url":"","jetpack_shortlink":"https:\/\/wp.me\/p5fEpk-2kl","jetpack_sharing_enabled":true,"_links":{"self":[{"href":"https:\/\/www.fantasticaficcion.com\/index.php\/wp-json\/wp\/v2\/posts\/8949","targetHints":{"allow":["GET"]}}],"collection":[{"href":"https:\/\/www.fantasticaficcion.com\/index.php\/wp-json\/wp\/v2\/posts"}],"about":[{"href":"https:\/\/www.fantasticaficcion.com\/index.php\/wp-json\/wp\/v2\/types\/post"}],"author":[{"embeddable":true,"href":"https:\/\/www.fantasticaficcion.com\/index.php\/wp-json\/wp\/v2\/users\/1"}],"replies":[{"embeddable":true,"href":"https:\/\/www.fantasticaficcion.com\/index.php\/wp-json\/wp\/v2\/comments?post=8949"}],"version-history":[{"count":1,"href":"https:\/\/www.fantasticaficcion.com\/index.php\/wp-json\/wp\/v2\/posts\/8949\/revisions"}],"predecessor-version":[{"id":8950,"href":"https:\/\/www.fantasticaficcion.com\/index.php\/wp-json\/wp\/v2\/posts\/8949\/revisions\/8950"}],"wp:attachment":[{"href":"https:\/\/www.fantasticaficcion.com\/index.php\/wp-json\/wp\/v2\/media?parent=8949"}],"wp:term":[{"taxonomy":"category","embeddable":true,"href":"https:\/\/www.fantasticaficcion.com\/index.php\/wp-json\/wp\/v2\/categories?post=8949"},{"taxonomy":"post_tag","embeddable":true,"href":"https:\/\/www.fantasticaficcion.com\/index.php\/wp-json\/wp\/v2\/tags?post=8949"}],"curies":[{"name":"wp","href":"https:\/\/api.w.org\/{rel}","templated":true}]}}