{"id":8937,"date":"2018-09-26T05:30:57","date_gmt":"2018-09-26T05:30:57","guid":{"rendered":"http:\/\/www.fantasticaficcion.com\/?p=8937"},"modified":"2018-09-07T12:33:09","modified_gmt":"2018-09-07T12:33:09","slug":"portada-de-beneath-the-twisted-trees","status":"publish","type":"post","link":"https:\/\/www.fantasticaficcion.com\/index.php\/portada-de-beneath-the-twisted-trees\/","title":{"rendered":"Portada de Beneath the Twisted Trees"},"content":{"rendered":"<p style=\"text-align: justify;\">Se ha dado a conocer la que ser\u00e1 portada de <em><strong>Beneath the Twisted Trees <\/strong><\/em>dise\u00f1ada por Laura Brett, la siguiente entrega de la saga fant\u00e1stica <em>The Song of the Shattered Sands<\/em> de Bradley Beaulieu (lo que me recuerda que no he le\u00eddo la \u00faltima publicada, shame on me!).<\/p>\n<p style=\"text-align: justify;\">El libro saldr\u00e1 a la venta el 18 de abril del a\u00f1o que viene.<\/p>\n<p><a href=\"https:\/\/www.fantasticaficcion.com\/wp-content\/uploads\/2018\/09\/Beneath-the-Twisted-Trees-hi-res.jpg\"><img loading=\"lazy\" decoding=\"async\" class=\"aligncenter size-full wp-image-8938\" src=\"https:\/\/www.fantasticaficcion.com\/wp-content\/uploads\/2018\/09\/Beneath-the-Twisted-Trees-hi-res.jpg\" alt=\"\" width=\"741\" height=\"1024\" srcset=\"https:\/\/www.fantasticaficcion.com\/wp-content\/uploads\/2018\/09\/Beneath-the-Twisted-Trees-hi-res.jpg 741w, https:\/\/www.fantasticaficcion.com\/wp-content\/uploads\/2018\/09\/Beneath-the-Twisted-Trees-hi-res-217x300.jpg 217w\" sizes=\"auto, (max-width: 706px) 89vw, (max-width: 767px) 82vw, 740px\" \/><\/a><\/p>\n<p>Aqu\u00ed la sinopsis:<\/p>\n<blockquote><p>\u00c7eda was an elite warrior in service to the kings of Sharakhai. She has been an assassin in dark places. A weapon poised to strike from the shadows. A voice from the darkness, striving to free her people.<\/p>\n<p>No longer.<\/p>\n<p>Now she\u2019s going to lead.<\/p>\n<p>The age of the Kings is coming to an end . .<\/p><\/blockquote>\n<p>Y mi traducci\u00f3n:<\/p>\n<blockquote><p>\u00c7eda era una guerrera de \u00e9lite al servicio de los reyes de Sharakhai. Ha sido asesina en oscuros lugares. Un arma preparada para golpear desde las sombras. Una voz desde las sombras, luchando para liberar a su gente.<\/p>\n<p>Nunca m\u00e1s.<\/p>\n<p>Ahora ella va a liderar.<\/p>\n<p>La era de los Reyes va a finalizar.<\/p><\/blockquote>\n<p style=\"text-align: justify;\">Espero ponerme al d\u00eda dentro de poco y traer la rese\u00f1a compa\u00f1era de <a href=\"https:\/\/www.fantasticaficcion.com\/index.php\/twelve-kings\/\">estas<\/a> <a href=\"https:\/\/www.fantasticaficcion.com\/index.php\/with-blood-upon-the-sand\/\">dos<\/a>.<\/p>\n","protected":false},"excerpt":{"rendered":"<p>Se ha dado a conocer la que ser\u00e1 portada de Beneath the Twisted Trees dise\u00f1ada por Laura Brett, la siguiente entrega de la saga fant\u00e1stica The Song of the Shattered Sands de Bradley Beaulieu (lo que me recuerda que no he le\u00eddo la \u00faltima publicada, shame on me!). El libro saldr\u00e1 a la venta el &hellip; <\/p>\n<p class=\"link-more\"><a href=\"https:\/\/www.fantasticaficcion.com\/index.php\/portada-de-beneath-the-twisted-trees\/\" class=\"more-link\">Continuar leyendo<span class=\"screen-reader-text\"> &#8220;Portada de Beneath the Twisted Trees&#8221;<\/span><\/a><\/p>\n","protected":false},"author":1,"featured_media":0,"comment_status":"open","ping_status":"open","sticky":false,"template":"","format":"standard","meta":{"jetpack_post_was_ever_published":false,"_jetpack_newsletter_access":"","_jetpack_dont_email_post_to_subs":false,"_jetpack_newsletter_tier_id":0,"_jetpack_memberships_contains_paywalled_content":false,"_jetpack_memberships_contains_paid_content":false,"footnotes":""},"categories":[5],"tags":[615,190,96],"class_list":["post-8937","post","type-post","status-publish","format-standard","hentry","category-fantasia","tag-bradley-beaulieu","tag-noticias","tag-portadas"],"jetpack_featured_media_url":"","jetpack_shortlink":"https:\/\/wp.me\/p5fEpk-2k9","jetpack_sharing_enabled":true,"_links":{"self":[{"href":"https:\/\/www.fantasticaficcion.com\/index.php\/wp-json\/wp\/v2\/posts\/8937","targetHints":{"allow":["GET"]}}],"collection":[{"href":"https:\/\/www.fantasticaficcion.com\/index.php\/wp-json\/wp\/v2\/posts"}],"about":[{"href":"https:\/\/www.fantasticaficcion.com\/index.php\/wp-json\/wp\/v2\/types\/post"}],"author":[{"embeddable":true,"href":"https:\/\/www.fantasticaficcion.com\/index.php\/wp-json\/wp\/v2\/users\/1"}],"replies":[{"embeddable":true,"href":"https:\/\/www.fantasticaficcion.com\/index.php\/wp-json\/wp\/v2\/comments?post=8937"}],"version-history":[{"count":1,"href":"https:\/\/www.fantasticaficcion.com\/index.php\/wp-json\/wp\/v2\/posts\/8937\/revisions"}],"predecessor-version":[{"id":8939,"href":"https:\/\/www.fantasticaficcion.com\/index.php\/wp-json\/wp\/v2\/posts\/8937\/revisions\/8939"}],"wp:attachment":[{"href":"https:\/\/www.fantasticaficcion.com\/index.php\/wp-json\/wp\/v2\/media?parent=8937"}],"wp:term":[{"taxonomy":"category","embeddable":true,"href":"https:\/\/www.fantasticaficcion.com\/index.php\/wp-json\/wp\/v2\/categories?post=8937"},{"taxonomy":"post_tag","embeddable":true,"href":"https:\/\/www.fantasticaficcion.com\/index.php\/wp-json\/wp\/v2\/tags?post=8937"}],"curies":[{"name":"wp","href":"https:\/\/api.w.org\/{rel}","templated":true}]}}