{"id":8896,"date":"2018-09-12T05:30:16","date_gmt":"2018-09-12T05:30:16","guid":{"rendered":"http:\/\/www.fantasticaficcion.com\/?p=8896"},"modified":"2018-09-05T10:27:29","modified_gmt":"2018-09-05T10:27:29","slug":"portada-y-autores-de-afrosfv3","status":"publish","type":"post","link":"https:\/\/www.fantasticaficcion.com\/index.php\/portada-y-autores-de-afrosfv3\/","title":{"rendered":"Portada y autores de AfroSFV3"},"content":{"rendered":"<p style=\"text-align: justify;\">Aqu\u00ed os traigo la que ser\u00e1 portada de <em><strong>AfroSFV3<\/strong><\/em>, la nueva entrega recopilatoria de ciencia ficci\u00f3n africana. Estar\u00e1 disponible en noviembre de este a\u00f1o.<\/p>\n<p><a href=\"https:\/\/www.fantasticaficcion.com\/wp-content\/uploads\/2018\/09\/afrosfv3.jpg\"><img loading=\"lazy\" decoding=\"async\" class=\"aligncenter size-full wp-image-8897\" src=\"https:\/\/www.fantasticaficcion.com\/wp-content\/uploads\/2018\/09\/afrosfv3.jpg\" alt=\"\" width=\"746\" height=\"1200\" srcset=\"https:\/\/www.fantasticaficcion.com\/wp-content\/uploads\/2018\/09\/afrosfv3.jpg 746w, https:\/\/www.fantasticaficcion.com\/wp-content\/uploads\/2018\/09\/afrosfv3-187x300.jpg 187w, https:\/\/www.fantasticaficcion.com\/wp-content\/uploads\/2018\/09\/afrosfv3-637x1024.jpg 637w\" sizes=\"auto, (max-width: 706px) 89vw, (max-width: 767px) 82vw, 740px\" \/><\/a><\/p>\n","protected":false},"excerpt":{"rendered":"<p>Aqu\u00ed os traigo la que ser\u00e1 portada de AfroSFV3, la nueva entrega recopilatoria de ciencia ficci\u00f3n africana. Estar\u00e1 disponible en noviembre de este a\u00f1o.<\/p>\n","protected":false},"author":1,"featured_media":0,"comment_status":"open","ping_status":"open","sticky":false,"template":"","format":"standard","meta":{"jetpack_post_was_ever_published":false,"_jetpack_newsletter_access":"","_jetpack_dont_email_post_to_subs":false,"_jetpack_newsletter_tier_id":0,"_jetpack_memberships_contains_paywalled_content":false,"_jetpack_memberships_contains_paid_content":false,"footnotes":""},"categories":[10,24],"tags":[190,96],"class_list":["post-8896","post","type-post","status-publish","format-standard","hentry","category-ciencia-ficcion-2","category-relatos-cortos","tag-noticias","tag-portadas"],"jetpack_featured_media_url":"","jetpack_shortlink":"https:\/\/wp.me\/p5fEpk-2ju","jetpack_sharing_enabled":true,"_links":{"self":[{"href":"https:\/\/www.fantasticaficcion.com\/index.php\/wp-json\/wp\/v2\/posts\/8896","targetHints":{"allow":["GET"]}}],"collection":[{"href":"https:\/\/www.fantasticaficcion.com\/index.php\/wp-json\/wp\/v2\/posts"}],"about":[{"href":"https:\/\/www.fantasticaficcion.com\/index.php\/wp-json\/wp\/v2\/types\/post"}],"author":[{"embeddable":true,"href":"https:\/\/www.fantasticaficcion.com\/index.php\/wp-json\/wp\/v2\/users\/1"}],"replies":[{"embeddable":true,"href":"https:\/\/www.fantasticaficcion.com\/index.php\/wp-json\/wp\/v2\/comments?post=8896"}],"version-history":[{"count":1,"href":"https:\/\/www.fantasticaficcion.com\/index.php\/wp-json\/wp\/v2\/posts\/8896\/revisions"}],"predecessor-version":[{"id":8898,"href":"https:\/\/www.fantasticaficcion.com\/index.php\/wp-json\/wp\/v2\/posts\/8896\/revisions\/8898"}],"wp:attachment":[{"href":"https:\/\/www.fantasticaficcion.com\/index.php\/wp-json\/wp\/v2\/media?parent=8896"}],"wp:term":[{"taxonomy":"category","embeddable":true,"href":"https:\/\/www.fantasticaficcion.com\/index.php\/wp-json\/wp\/v2\/categories?post=8896"},{"taxonomy":"post_tag","embeddable":true,"href":"https:\/\/www.fantasticaficcion.com\/index.php\/wp-json\/wp\/v2\/tags?post=8896"}],"curies":[{"name":"wp","href":"https:\/\/api.w.org\/{rel}","templated":true}]}}