{"id":8848,"date":"2018-08-20T05:30:53","date_gmt":"2018-08-20T05:30:53","guid":{"rendered":"http:\/\/www.fantasticaficcion.com\/?p=8848"},"modified":"2018-07-30T12:57:31","modified_gmt":"2018-07-30T12:57:31","slug":"anunciada-la-reedicion-de-in-the-stacks","status":"publish","type":"post","link":"https:\/\/www.fantasticaficcion.com\/index.php\/anunciada-la-reedicion-de-in-the-stacks\/","title":{"rendered":"Anunciada la reedici\u00f3n de In the Stacks"},"content":{"rendered":"<p style=\"text-align: justify;\">Scott Lynch ha anunciado a trav\u00e9s de su cuenta de twitter la publicaci\u00f3n de <em><strong>In the Stacks, <\/strong><\/em>una <em>novelette<\/em> que escribi\u00f3 en 2009. Pero esta no ser\u00e1 la \u00fanica entrega, ya que se ha puesto manos a la obra reescribiendo gran parte de su ficci\u00f3n corta para ponerla disponible en formato electr\u00f3nico.<\/p>\n<p><a href=\"https:\/\/www.fantasticaficcion.com\/wp-content\/uploads\/2018\/07\/stacks.png\"><img loading=\"lazy\" decoding=\"async\" class=\"alignright size-full wp-image-8849\" src=\"https:\/\/www.fantasticaficcion.com\/wp-content\/uploads\/2018\/07\/stacks.png\" alt=\"\" width=\"579\" height=\"765\" srcset=\"https:\/\/www.fantasticaficcion.com\/wp-content\/uploads\/2018\/07\/stacks.png 579w, https:\/\/www.fantasticaficcion.com\/wp-content\/uploads\/2018\/07\/stacks-227x300.png 227w\" sizes=\"auto, (max-width: 579px) 100vw, 579px\" \/><\/a><\/p>\n<p style=\"text-align: justify;\">Tras esta publicaci\u00f3n, seguir\u00e1n otras obras como &#8220;The Effigy Engine,&#8221; &#8220;A Year and a Day in Old Theradane,&#8221; y &#8220;The Smoke of Gold is Glory,&#8221; hasta el lanzamiento de la antolog\u00eda<strong> Book of Magic<\/strong><em> en octubre.<\/em><\/p>\n","protected":false},"excerpt":{"rendered":"<p>Scott Lynch ha anunciado a trav\u00e9s de su cuenta de twitter la publicaci\u00f3n de In the Stacks, una novelette que escribi\u00f3 en 2009. Pero esta no ser\u00e1 la \u00fanica entrega, ya que se ha puesto manos a la obra reescribiendo gran parte de su ficci\u00f3n corta para ponerla disponible en formato electr\u00f3nico. Tras esta publicaci\u00f3n, &hellip; <\/p>\n<p class=\"link-more\"><a href=\"https:\/\/www.fantasticaficcion.com\/index.php\/anunciada-la-reedicion-de-in-the-stacks\/\" class=\"more-link\">Continuar leyendo<span class=\"screen-reader-text\"> &#8220;Anunciada la reedici\u00f3n de In the Stacks&#8221;<\/span><\/a><\/p>\n","protected":false},"author":1,"featured_media":0,"comment_status":"open","ping_status":"open","sticky":false,"template":"","format":"standard","meta":{"jetpack_post_was_ever_published":false,"_jetpack_newsletter_access":"","_jetpack_dont_email_post_to_subs":false,"_jetpack_newsletter_tier_id":0,"_jetpack_memberships_contains_paywalled_content":false,"_jetpack_memberships_contains_paid_content":false,"footnotes":""},"categories":[5],"tags":[664,190,199],"class_list":["post-8848","post","type-post","status-publish","format-standard","hentry","category-fantasia","tag-fantasia","tag-noticias","tag-scott-lynch"],"jetpack_featured_media_url":"","jetpack_shortlink":"https:\/\/wp.me\/p5fEpk-2iI","jetpack_sharing_enabled":true,"_links":{"self":[{"href":"https:\/\/www.fantasticaficcion.com\/index.php\/wp-json\/wp\/v2\/posts\/8848","targetHints":{"allow":["GET"]}}],"collection":[{"href":"https:\/\/www.fantasticaficcion.com\/index.php\/wp-json\/wp\/v2\/posts"}],"about":[{"href":"https:\/\/www.fantasticaficcion.com\/index.php\/wp-json\/wp\/v2\/types\/post"}],"author":[{"embeddable":true,"href":"https:\/\/www.fantasticaficcion.com\/index.php\/wp-json\/wp\/v2\/users\/1"}],"replies":[{"embeddable":true,"href":"https:\/\/www.fantasticaficcion.com\/index.php\/wp-json\/wp\/v2\/comments?post=8848"}],"version-history":[{"count":1,"href":"https:\/\/www.fantasticaficcion.com\/index.php\/wp-json\/wp\/v2\/posts\/8848\/revisions"}],"predecessor-version":[{"id":8850,"href":"https:\/\/www.fantasticaficcion.com\/index.php\/wp-json\/wp\/v2\/posts\/8848\/revisions\/8850"}],"wp:attachment":[{"href":"https:\/\/www.fantasticaficcion.com\/index.php\/wp-json\/wp\/v2\/media?parent=8848"}],"wp:term":[{"taxonomy":"category","embeddable":true,"href":"https:\/\/www.fantasticaficcion.com\/index.php\/wp-json\/wp\/v2\/categories?post=8848"},{"taxonomy":"post_tag","embeddable":true,"href":"https:\/\/www.fantasticaficcion.com\/index.php\/wp-json\/wp\/v2\/tags?post=8848"}],"curies":[{"name":"wp","href":"https:\/\/api.w.org\/{rel}","templated":true}]}}