{"id":8841,"date":"2018-08-16T05:30:35","date_gmt":"2018-08-16T05:30:35","guid":{"rendered":"http:\/\/www.fantasticaficcion.com\/?p=8841"},"modified":"2018-07-30T10:11:47","modified_gmt":"2018-07-30T10:11:47","slug":"a-las-puertas-de-la-nada","status":"publish","type":"post","link":"https:\/\/www.fantasticaficcion.com\/index.php\/a-las-puertas-de-la-nada\/","title":{"rendered":"A las puertas de la nada"},"content":{"rendered":"<p style=\"text-align: justify;\"><a href=\"https:\/\/www.fantasticaficcion.com\/wp-content\/uploads\/2018\/07\/a-las-puertas-de-la-nada.jpg\"><img loading=\"lazy\" decoding=\"async\" class=\"alignright size-medium wp-image-8844\" src=\"https:\/\/www.fantasticaficcion.com\/wp-content\/uploads\/2018\/07\/a-las-puertas-de-la-nada-198x300.jpg\" alt=\"\" width=\"198\" height=\"300\" srcset=\"https:\/\/www.fantasticaficcion.com\/wp-content\/uploads\/2018\/07\/a-las-puertas-de-la-nada-198x300.jpg 198w, https:\/\/www.fantasticaficcion.com\/wp-content\/uploads\/2018\/07\/a-las-puertas-de-la-nada-768x1164.jpg 768w, https:\/\/www.fantasticaficcion.com\/wp-content\/uploads\/2018\/07\/a-las-puertas-de-la-nada-675x1024.jpg 675w, https:\/\/www.fantasticaficcion.com\/wp-content\/uploads\/2018\/07\/a-las-puertas-de-la-nada.jpg 1124w\" sizes=\"auto, (max-width: 198px) 100vw, 198px\" \/><\/a>Hubo muchas personas convencidas por la presentaci\u00f3n de <em><strong>A las puertas de la nada <\/strong><\/em>en el Festival Celsius para leer una novela que de otra forma habr\u00eda pasado desapercibida. Creo que <strong>Sense of Wonder<\/strong> publicar\u00e1 en alg\u00fan momento la presentaci\u00f3n, as\u00ed que no perd\u00e1is la oportunidad de verla.<\/p>\n<p style=\"text-align: justify;\"><em><strong>A las puertas de la nada<\/strong><\/em> destaca por varias caracter\u00edsticas no muy comunes en una novela de ciencia ficci\u00f3n. La principal, y sin duda, la m\u00e1s comentada, es el punto de vista de la protagonista, una joven autista. El autismo es un trastorno que no es f\u00e1cil de representar y los casos que podemos conocer por otros medios generalmente se limitan al Asperger popularizado por Sheldon Cooper. Sin embargo, Corinne Duyvis en una apuesta muy arriesgada, decide que conozcamos la historia que nos quiere contar a trav\u00e9s de la \u00f3ptica de esta persona autista.<\/p>\n<p style=\"text-align: justify;\">El conflicto interior de la protagonista Denise, que tiene que adaptarse a un mundo diferente por la llegada de un cometa que se estrella contra la Tierra, est\u00e1 muy bien presentado. Denise tiene tics y man\u00edas en los que se refugia cuando sucede algo inesperado, que en un contexto como este es pr\u00e1cticamente siempre. En este sentido me recuerda a la protagonista de <a href=\"https:\/\/www.fantasticaficcion.com\/index.php\/the-sudden-appearance-of-hope\/\"><em><strong>The Sudden Appearance of Hope<\/strong><\/em><\/a>. Y sin embargo, a pesar de todas las dificultades, es capaz de seguir adelante y conseguir sus objetivos. Deviene en todo un ejemplo para la comunidad de supervivientes.<\/p>\n<p style=\"text-align: justify;\">Otro aspecto que me gustar\u00eda destacar es la situaci\u00f3n de la novela. Los Pa\u00edses Bajos no son precisamente el escenario m\u00e1s habitual de novelas o pel\u00edculas apocal\u00edpticas y sin embargo en <em><strong>A las puertas de la nada<\/strong><\/em> forma parte indisoluble del desarrollo de la novela, especialmente por su car\u00e1cter idiosincr\u00e1tico de &#8220;tierra ganada al mar&#8221;, pero tambi\u00e9n por la mezcla de culturas all\u00ed presentes, con personas de distintos or\u00edgenes que comparten su espacio. El hecho de que el padre de Denise sea de Surinam (antigua colonia) es un nuevo elemento que a\u00f1adir a la novela y no es balad\u00ed. Es una maravilla, pero no hay ni rastro de racismo.<\/p>\n<p style=\"text-align: justify;\">Hay alg\u00fan aspecto que me ha convencido menos. La nave generacional que se torna base de operaciones de Denise parece un poco de cart\u00f3n piedra, una oferta de mercadillo que a duras penas consigue funcionar. El sistema de elecci\u00f3n de los pasajeros tambi\u00e9n es algo azaroso por no decir directamente aleatorio, pero es necesario para el desarrollo de la trama.<\/p>\n<p style=\"text-align: justify;\">Tambi\u00e9n es importante y quiz\u00e1 sea la ense\u00f1anza que nos queda de la novela el \u00e1nimo especialmente optimista de la historia. Estamos ante un conflicto que puede provocar el fin de la humanidad y no hay apenas violencia, la esperanza sigue habitando en los corazones de los afectados y se percibe un aire solidario realmente aleccionador. \u00daltimamente estoy leyendo bastantes libros marcadamente positivos como <em><strong>Robots of Gotham<\/strong><\/em>,<a href=\"https:\/\/www.fantasticaficcion.com\/index.php\/record-of-a-spaceborn-few\/\"><em><strong> Record of a Spaceborn Few<\/strong><\/em> <\/a>y este mismo que pueden marcar una tendencia hacia la positividad y la creencia en un futuro mejor que contrastan fuertemente con el <em>grimdark<\/em> y otros subg\u00e9neros de la fantas\u00eda. Si es una casualidad o un camino que seguir lo veremos en un futuro, pero me alegra mucho ese tono tan optimista en la ciencia ficci\u00f3n. Queremos m\u00e1s, por favor.<\/p>\n<p style=\"text-align: justify;\"><em><strong>A las puertas de la nada<\/strong><\/em> est\u00e1 publicado por La Estrella Azul con traducci\u00f3n de Isabel Hoyos. Me gustar\u00eda tambi\u00e9n destacar la cuidada edici\u00f3n.<\/p>\n","protected":false},"excerpt":{"rendered":"<p>Hubo muchas personas convencidas por la presentaci\u00f3n de A las puertas de la nada en el Festival Celsius para leer una novela que de otra forma habr\u00eda pasado desapercibida. Creo que Sense of Wonder publicar\u00e1 en alg\u00fan momento la presentaci\u00f3n, as\u00ed que no perd\u00e1is la oportunidad de verla. A las puertas de la nada destaca &hellip; <\/p>\n<p class=\"link-more\"><a href=\"https:\/\/www.fantasticaficcion.com\/index.php\/a-las-puertas-de-la-nada\/\" class=\"more-link\">Continuar leyendo<span class=\"screen-reader-text\"> &#8220;A las puertas de la nada&#8221;<\/span><\/a><\/p>\n","protected":false},"author":1,"featured_media":0,"comment_status":"open","ping_status":"open","sticky":false,"template":"","format":"standard","meta":{"jetpack_post_was_ever_published":false,"_jetpack_newsletter_access":"","_jetpack_dont_email_post_to_subs":false,"_jetpack_newsletter_tier_id":0,"_jetpack_memberships_contains_paywalled_content":false,"_jetpack_memberships_contains_paid_content":false,"footnotes":""},"categories":[10],"tags":[4,1093,14,8],"class_list":["post-8841","post","type-post","status-publish","format-standard","hentry","category-ciencia-ficcion-2","tag-ciencia-ficcion","tag-corinne-duyvis","tag-libros-en-espanol","tag-resenas"],"jetpack_featured_media_url":"","jetpack_shortlink":"https:\/\/wp.me\/p5fEpk-2iB","jetpack_sharing_enabled":true,"_links":{"self":[{"href":"https:\/\/www.fantasticaficcion.com\/index.php\/wp-json\/wp\/v2\/posts\/8841","targetHints":{"allow":["GET"]}}],"collection":[{"href":"https:\/\/www.fantasticaficcion.com\/index.php\/wp-json\/wp\/v2\/posts"}],"about":[{"href":"https:\/\/www.fantasticaficcion.com\/index.php\/wp-json\/wp\/v2\/types\/post"}],"author":[{"embeddable":true,"href":"https:\/\/www.fantasticaficcion.com\/index.php\/wp-json\/wp\/v2\/users\/1"}],"replies":[{"embeddable":true,"href":"https:\/\/www.fantasticaficcion.com\/index.php\/wp-json\/wp\/v2\/comments?post=8841"}],"version-history":[{"count":3,"href":"https:\/\/www.fantasticaficcion.com\/index.php\/wp-json\/wp\/v2\/posts\/8841\/revisions"}],"predecessor-version":[{"id":8845,"href":"https:\/\/www.fantasticaficcion.com\/index.php\/wp-json\/wp\/v2\/posts\/8841\/revisions\/8845"}],"wp:attachment":[{"href":"https:\/\/www.fantasticaficcion.com\/index.php\/wp-json\/wp\/v2\/media?parent=8841"}],"wp:term":[{"taxonomy":"category","embeddable":true,"href":"https:\/\/www.fantasticaficcion.com\/index.php\/wp-json\/wp\/v2\/categories?post=8841"},{"taxonomy":"post_tag","embeddable":true,"href":"https:\/\/www.fantasticaficcion.com\/index.php\/wp-json\/wp\/v2\/tags?post=8841"}],"curies":[{"name":"wp","href":"https:\/\/api.w.org\/{rel}","templated":true}]}}