{"id":8770,"date":"2018-08-03T05:30:27","date_gmt":"2018-08-03T05:30:27","guid":{"rendered":"http:\/\/www.fantasticaficcion.com\/?p=8770"},"modified":"2018-07-17T11:35:41","modified_gmt":"2018-07-17T11:35:41","slug":"anunciada-una-precuela-en-comic-de-shades-of-magic","status":"publish","type":"post","link":"https:\/\/www.fantasticaficcion.com\/index.php\/anunciada-una-precuela-en-comic-de-shades-of-magic\/","title":{"rendered":"Anunciada una precuela en c\u00f3mic de Shades of Magic"},"content":{"rendered":"<p style=\"text-align: justify;\"><a href=\"https:\/\/www.fantasticaficcion.com\/wp-content\/uploads\/2018\/07\/schwab-steelprince-cover.png\"><img loading=\"lazy\" decoding=\"async\" class=\"aligncenter size-full wp-image-8771\" src=\"https:\/\/www.fantasticaficcion.com\/wp-content\/uploads\/2018\/07\/schwab-steelprince-cover.png\" alt=\"\" width=\"843\" height=\"466\" srcset=\"https:\/\/www.fantasticaficcion.com\/wp-content\/uploads\/2018\/07\/schwab-steelprince-cover.png 843w, https:\/\/www.fantasticaficcion.com\/wp-content\/uploads\/2018\/07\/schwab-steelprince-cover-300x166.png 300w, https:\/\/www.fantasticaficcion.com\/wp-content\/uploads\/2018\/07\/schwab-steelprince-cover-768x425.png 768w\" sizes=\"auto, (max-width: 767px) 89vw, (max-width: 1000px) 54vw, (max-width: 1071px) 543px, 580px\" \/><\/a><a href=\"https:\/\/www.tor.com\/2018\/07\/12\/prequel-comic-to-v-e-schwabs-shades-of-magic-series-will-preview-at-comic-con\/\">Se ha anunciado la publicaci\u00f3n<\/a> en octubre de este a\u00f1o de <em>Shades of Magic: The Steel Prince<\/em> una nueva serie de Titan Comics que ser\u00e1 precuela de los libros de V.E. Schwab Shades of Magic. Aqu\u00ed ya le\u00edmos<a href=\"https:\/\/www.fantasticaficcion.com\/index.php\/a-darker-shade-of-magic\/\"> <em><strong>A Darker Shade of Magic<\/strong><\/em> <\/a>y<em><strong><a href=\"https:\/\/www.fantasticaficcion.com\/index.php\/a-gathering-of-shadows\/\"> A Gathering of Shadows\u00a0<\/a><\/strong><\/em>pero todav\u00eda no hemos terminado la trilog\u00eda.<\/p>\n<p style=\"text-align: justify;\">El dibujo corre a cargo de Andrea Olimpieri, con colores de Enrica Angiolini. Se sabe que la trama girar\u00e1 alrededor del pr\u00edncipe Maxim Maresh, miembro exiliado de la familia real de Red London.<\/p>\n<p style=\"text-align: justify;\"><a href=\"https:\/\/www.hollywoodreporter.com\/heat-vision\/ve-schwabs-shades-magic-novels-come-comics-1125831\">Aqu\u00ed os dejo un enlace con algunas p\u00e1ginas en exclusiva<\/a>.<\/p>\n","protected":false},"excerpt":{"rendered":"<p>Se ha anunciado la publicaci\u00f3n en octubre de este a\u00f1o de Shades of Magic: The Steel Prince una nueva serie de Titan Comics que ser\u00e1 precuela de los libros de V.E. Schwab Shades of Magic. Aqu\u00ed ya le\u00edmos A Darker Shade of Magic y A Gathering of Shadows\u00a0pero todav\u00eda no hemos terminado la trilog\u00eda. El &hellip; <\/p>\n<p class=\"link-more\"><a href=\"https:\/\/www.fantasticaficcion.com\/index.php\/anunciada-una-precuela-en-comic-de-shades-of-magic\/\" class=\"more-link\">Continuar leyendo<span class=\"screen-reader-text\"> &#8220;Anunciada una precuela en c\u00f3mic de Shades of Magic&#8221;<\/span><\/a><\/p>\n","protected":false},"author":1,"featured_media":0,"comment_status":"open","ping_status":"open","sticky":false,"template":"","format":"standard","meta":{"jetpack_post_was_ever_published":false,"_jetpack_newsletter_access":"","_jetpack_dont_email_post_to_subs":false,"_jetpack_newsletter_tier_id":0,"_jetpack_memberships_contains_paywalled_content":false,"_jetpack_memberships_contains_paid_content":false,"footnotes":""},"categories":[830,62,5],"tags":[668,190,627],"class_list":["post-8770","post","type-post","status-publish","format-standard","hentry","category-artistas","category-comic","category-fantasia","tag-comic","tag-noticias","tag-v-e-schwab"],"jetpack_featured_media_url":"","jetpack_shortlink":"https:\/\/wp.me\/p5fEpk-2hs","jetpack_sharing_enabled":true,"_links":{"self":[{"href":"https:\/\/www.fantasticaficcion.com\/index.php\/wp-json\/wp\/v2\/posts\/8770","targetHints":{"allow":["GET"]}}],"collection":[{"href":"https:\/\/www.fantasticaficcion.com\/index.php\/wp-json\/wp\/v2\/posts"}],"about":[{"href":"https:\/\/www.fantasticaficcion.com\/index.php\/wp-json\/wp\/v2\/types\/post"}],"author":[{"embeddable":true,"href":"https:\/\/www.fantasticaficcion.com\/index.php\/wp-json\/wp\/v2\/users\/1"}],"replies":[{"embeddable":true,"href":"https:\/\/www.fantasticaficcion.com\/index.php\/wp-json\/wp\/v2\/comments?post=8770"}],"version-history":[{"count":2,"href":"https:\/\/www.fantasticaficcion.com\/index.php\/wp-json\/wp\/v2\/posts\/8770\/revisions"}],"predecessor-version":[{"id":8773,"href":"https:\/\/www.fantasticaficcion.com\/index.php\/wp-json\/wp\/v2\/posts\/8770\/revisions\/8773"}],"wp:attachment":[{"href":"https:\/\/www.fantasticaficcion.com\/index.php\/wp-json\/wp\/v2\/media?parent=8770"}],"wp:term":[{"taxonomy":"category","embeddable":true,"href":"https:\/\/www.fantasticaficcion.com\/index.php\/wp-json\/wp\/v2\/categories?post=8770"},{"taxonomy":"post_tag","embeddable":true,"href":"https:\/\/www.fantasticaficcion.com\/index.php\/wp-json\/wp\/v2\/tags?post=8770"}],"curies":[{"name":"wp","href":"https:\/\/api.w.org\/{rel}","templated":true}]}}