{"id":8598,"date":"2018-06-13T05:30:47","date_gmt":"2018-06-13T05:30:47","guid":{"rendered":"http:\/\/www.fantasticaficcion.com\/?p=8598"},"modified":"2018-06-02T14:14:27","modified_gmt":"2018-06-02T14:14:27","slug":"portada-de-the-winter-road","status":"publish","type":"post","link":"https:\/\/www.fantasticaficcion.com\/index.php\/portada-de-the-winter-road\/","title":{"rendered":"Portada de The Winter Road"},"content":{"rendered":"<p style=\"text-align: justify;\">Y<a href=\"https:\/\/www.orbitbooks.net\/2018\/06\/01\/coming-soon-the-winter-road-by-adrian-selby\/\">a sabemos cu\u00e1l ser\u00e1 la portad<\/a>a de <em><strong>The Winter Road<\/strong><\/em>, la nueva novela de Adrian Selby a quien ya conocimos por <a href=\"https:\/\/www.fantasticaficcion.com\/index.php\/snakewood\/\"><em><strong>Snakewood<\/strong><\/em><\/a>. El dise\u00f1o es de Lauren Panepinto y el dibujo de Jaime Jones.<\/p>\n<p style=\"text-align: justify;\">Esta es la sinopsis:<\/p>\n<p style=\"text-align: justify;\"><strong><em>The greatest empire of them all began with a road.<\/em><\/strong><\/p>\n<p style=\"text-align: justify;\"><strong><em>The Circle \u2013 a thousand miles of perilous forests and warring clans. No one has ever tamed such treacherous territory before, but ex-soldier Teyr Amondsen, veteran of a hundred battles, is determined to try.<\/em><\/strong><\/p>\n<p style=\"text-align: justify;\"><strong><em>With a merchant caravan protected by a crew of skilled mercenaries, Amondsen embarks on a dangerous mission to forge a road across the untamed wilderness that was once her home. But a warlord rises in the wilds of the Circle, uniting its clans and terrorising its people. Teyr\u2019s battles may not be over yet . . .<\/em><\/strong><\/p>\n<p style=\"text-align: justify;\"><strong><em>All roads lead back to war.<\/em><\/strong><\/p>\n<p><a href=\"https:\/\/www.fantasticaficcion.com\/wp-content\/uploads\/2018\/06\/WinterRoad_Selby_CoverLaunch-660x1018.jpg\"><img loading=\"lazy\" decoding=\"async\" class=\"aligncenter size-full wp-image-8599\" src=\"https:\/\/www.fantasticaficcion.com\/wp-content\/uploads\/2018\/06\/WinterRoad_Selby_CoverLaunch-660x1018.jpg\" alt=\"\" width=\"660\" height=\"1018\" srcset=\"https:\/\/www.fantasticaficcion.com\/wp-content\/uploads\/2018\/06\/WinterRoad_Selby_CoverLaunch-660x1018.jpg 660w, https:\/\/www.fantasticaficcion.com\/wp-content\/uploads\/2018\/06\/WinterRoad_Selby_CoverLaunch-660x1018-194x300.jpg 194w\" sizes=\"auto, (max-width: 660px) 100vw, 660px\" \/><\/a><\/p>\n","protected":false},"excerpt":{"rendered":"<p>Ya sabemos cu\u00e1l ser\u00e1 la portada de The Winter Road, la nueva novela de Adrian Selby a quien ya conocimos por Snakewood. El dise\u00f1o es de Lauren Panepinto y el dibujo de Jaime Jones. Esta es la sinopsis: The greatest empire of them all began with a road. The Circle \u2013 a thousand miles of &hellip; <\/p>\n<p class=\"link-more\"><a href=\"https:\/\/www.fantasticaficcion.com\/index.php\/portada-de-the-winter-road\/\" class=\"more-link\">Continuar leyendo<span class=\"screen-reader-text\"> &#8220;Portada de The Winter Road&#8221;<\/span><\/a><\/p>\n","protected":false},"author":1,"featured_media":0,"comment_status":"open","ping_status":"open","sticky":false,"template":"","format":"standard","meta":{"jetpack_post_was_ever_published":false,"_jetpack_newsletter_access":"","_jetpack_dont_email_post_to_subs":false,"_jetpack_newsletter_tier_id":0,"_jetpack_memberships_contains_paywalled_content":false,"_jetpack_memberships_contains_paid_content":false,"footnotes":""},"categories":[830,5],"tags":[702,190,96],"class_list":["post-8598","post","type-post","status-publish","format-standard","hentry","category-artistas","category-fantasia","tag-adrian-selby","tag-noticias","tag-portadas"],"jetpack_featured_media_url":"","jetpack_shortlink":"https:\/\/wp.me\/p5fEpk-2eG","jetpack_sharing_enabled":true,"_links":{"self":[{"href":"https:\/\/www.fantasticaficcion.com\/index.php\/wp-json\/wp\/v2\/posts\/8598","targetHints":{"allow":["GET"]}}],"collection":[{"href":"https:\/\/www.fantasticaficcion.com\/index.php\/wp-json\/wp\/v2\/posts"}],"about":[{"href":"https:\/\/www.fantasticaficcion.com\/index.php\/wp-json\/wp\/v2\/types\/post"}],"author":[{"embeddable":true,"href":"https:\/\/www.fantasticaficcion.com\/index.php\/wp-json\/wp\/v2\/users\/1"}],"replies":[{"embeddable":true,"href":"https:\/\/www.fantasticaficcion.com\/index.php\/wp-json\/wp\/v2\/comments?post=8598"}],"version-history":[{"count":2,"href":"https:\/\/www.fantasticaficcion.com\/index.php\/wp-json\/wp\/v2\/posts\/8598\/revisions"}],"predecessor-version":[{"id":8601,"href":"https:\/\/www.fantasticaficcion.com\/index.php\/wp-json\/wp\/v2\/posts\/8598\/revisions\/8601"}],"wp:attachment":[{"href":"https:\/\/www.fantasticaficcion.com\/index.php\/wp-json\/wp\/v2\/media?parent=8598"}],"wp:term":[{"taxonomy":"category","embeddable":true,"href":"https:\/\/www.fantasticaficcion.com\/index.php\/wp-json\/wp\/v2\/categories?post=8598"},{"taxonomy":"post_tag","embeddable":true,"href":"https:\/\/www.fantasticaficcion.com\/index.php\/wp-json\/wp\/v2\/tags?post=8598"}],"curies":[{"name":"wp","href":"https:\/\/api.w.org\/{rel}","templated":true}]}}