{"id":8541,"date":"2018-06-01T05:30:35","date_gmt":"2018-06-01T05:30:35","guid":{"rendered":"http:\/\/www.fantasticaficcion.com\/?p=8541"},"modified":"2018-05-18T07:59:47","modified_gmt":"2018-05-18T07:59:47","slug":"anunciada-la-publicacion-de-the-test-de-sylvain-neuvel","status":"publish","type":"post","link":"https:\/\/www.fantasticaficcion.com\/index.php\/anunciada-la-publicacion-de-the-test-de-sylvain-neuvel\/","title":{"rendered":"Anunciada la publicaci\u00f3n de The Test, de Sylvain Neuvel"},"content":{"rendered":"<p style=\"text-align: justify;\">Parece que \u00faltimamente solo veo noticias sobre publicaciones del 2019, creando un <em>hype<\/em> desmesurado con muchos meses de antelaci\u00f3n.<\/p>\n<p style=\"text-align: justify;\"><a href=\"https:\/\/www.tor.com\/2018\/05\/17\/announcing-the-test-a-new-novella-from-sylvain-neuvel\/\">En Tor.com han anunciado la compra<\/a> de <em><strong>The Test<\/strong><\/em>, una <em>novella<\/em> de Sylvain Neuvel situado en un futuro cercano dist\u00f3pico.<\/p>\n<p style=\"text-align: justify;\">Seg\u00fan el propio autor:<\/p>\n<blockquote><p>I\u2019m thrilled to be working with Tor.com Publishing to bring\u00a0<em>The\u00a0Test<\/em>\u00a0to readers. It\u2019s\u00a0a\u00a0story that comes from\u00a0a\u00a0visceral place and I hope it resonates with people and sparks conversation. I wrote it at\u00a0a\u00a0time where I felt particularly vulnerable to\u00a0the\u00a0current political climate. There seemed to be nowhere to escape. Somehow, that feeling of being trapped in\u00a0a\u00a0world gone mad turned into\u00a0<em>The\u00a0Test<\/em>.\u00a0I can\u2019t wait to share it.<\/p><\/blockquote>\n<p style=\"text-align: justify;\">La verdad, tenemos pocos datos sobre<em><strong> The Test, <\/strong><\/em>y la \u00faltima entrega de Themis Files no ha sido tan buena como se esperaba, pero vamos a darle un voto de confianza al creador de <em><strong>Sleeping Giants<\/strong><\/em>.<\/p>\n","protected":false},"excerpt":{"rendered":"<p>Parece que \u00faltimamente solo veo noticias sobre publicaciones del 2019, creando un hype desmesurado con muchos meses de antelaci\u00f3n. En Tor.com han anunciado la compra de The Test, una novella de Sylvain Neuvel situado en un futuro cercano dist\u00f3pico. Seg\u00fan el propio autor: I\u2019m thrilled to be working with Tor.com Publishing to bring\u00a0The\u00a0Test\u00a0to readers. It\u2019s\u00a0a\u00a0story &hellip; <\/p>\n<p class=\"link-more\"><a href=\"https:\/\/www.fantasticaficcion.com\/index.php\/anunciada-la-publicacion-de-the-test-de-sylvain-neuvel\/\" class=\"more-link\">Continuar leyendo<span class=\"screen-reader-text\"> &#8220;Anunciada la publicaci\u00f3n de The Test, de Sylvain Neuvel&#8221;<\/span><\/a><\/p>\n","protected":false},"author":1,"featured_media":0,"comment_status":"open","ping_status":"open","sticky":false,"template":"","format":"standard","meta":{"jetpack_post_was_ever_published":false,"_jetpack_newsletter_access":"","_jetpack_dont_email_post_to_subs":false,"_jetpack_newsletter_tier_id":0,"_jetpack_memberships_contains_paywalled_content":false,"_jetpack_memberships_contains_paid_content":false,"footnotes":""},"categories":[10],"tags":[190,772],"class_list":["post-8541","post","type-post","status-publish","format-standard","hentry","category-ciencia-ficcion-2","tag-noticias","tag-sylvain-neuvel"],"jetpack_featured_media_url":"","jetpack_shortlink":"https:\/\/wp.me\/p5fEpk-2dL","jetpack_sharing_enabled":true,"_links":{"self":[{"href":"https:\/\/www.fantasticaficcion.com\/index.php\/wp-json\/wp\/v2\/posts\/8541","targetHints":{"allow":["GET"]}}],"collection":[{"href":"https:\/\/www.fantasticaficcion.com\/index.php\/wp-json\/wp\/v2\/posts"}],"about":[{"href":"https:\/\/www.fantasticaficcion.com\/index.php\/wp-json\/wp\/v2\/types\/post"}],"author":[{"embeddable":true,"href":"https:\/\/www.fantasticaficcion.com\/index.php\/wp-json\/wp\/v2\/users\/1"}],"replies":[{"embeddable":true,"href":"https:\/\/www.fantasticaficcion.com\/index.php\/wp-json\/wp\/v2\/comments?post=8541"}],"version-history":[{"count":1,"href":"https:\/\/www.fantasticaficcion.com\/index.php\/wp-json\/wp\/v2\/posts\/8541\/revisions"}],"predecessor-version":[{"id":8542,"href":"https:\/\/www.fantasticaficcion.com\/index.php\/wp-json\/wp\/v2\/posts\/8541\/revisions\/8542"}],"wp:attachment":[{"href":"https:\/\/www.fantasticaficcion.com\/index.php\/wp-json\/wp\/v2\/media?parent=8541"}],"wp:term":[{"taxonomy":"category","embeddable":true,"href":"https:\/\/www.fantasticaficcion.com\/index.php\/wp-json\/wp\/v2\/categories?post=8541"},{"taxonomy":"post_tag","embeddable":true,"href":"https:\/\/www.fantasticaficcion.com\/index.php\/wp-json\/wp\/v2\/tags?post=8541"}],"curies":[{"name":"wp","href":"https:\/\/api.w.org\/{rel}","templated":true}]}}