{"id":8531,"date":"2018-05-29T05:30:24","date_gmt":"2018-05-29T05:30:24","guid":{"rendered":"http:\/\/www.fantasticaficcion.com\/?p=8531"},"modified":"2018-05-17T07:16:38","modified_gmt":"2018-05-17T07:16:38","slug":"portada-de-a-memory-called-empire","status":"publish","type":"post","link":"https:\/\/www.fantasticaficcion.com\/index.php\/portada-de-a-memory-called-empire\/","title":{"rendered":"Portada de A Memory Called Empire"},"content":{"rendered":"<p style=\"text-align: justify;\">Nos avis\u00f3 Alexander Paez por twitter, <a href=\"https:\/\/www.tor.com\/2018\/05\/16\/revealing-a-memory-called-empire-a-new-space-opera-from-arkady-martine\/\">as\u00ed que aqu\u00ed os traigo<\/a> la impactante portada de una obra llamada <em><strong> A Memory Called Empire<\/strong><\/em> de Arkady Martine.<\/p>\n<p style=\"text-align: justify;\">Se trata de una space opera que publicar\u00e1n en Marzo de 2019, as\u00ed que tenemos tiempo para ir fomentando el <em>hype<\/em>. La portada es obra de Jaime Jones y grita &#8220;\u00a1Imperio Gal\u00e1ctico!&#8221; a pleno pulm\u00f3n.<\/p>\n<p style=\"text-align: justify;\">La nota de prensa habla sobre un embajador en una extra\u00f1a cultura cuya primera labor es descubrir qui\u00e9n asesin\u00f3 a su sucesor. Desde luego, estos chicos de Tor saben c\u00f3mo venderse&#8230;<\/p>\n<p><a href=\"https:\/\/www.fantasticaficcion.com\/wp-content\/uploads\/2018\/05\/MemoryCalledEmpire_small.jpg\"><img loading=\"lazy\" decoding=\"async\" class=\"aligncenter size-full wp-image-8532\" src=\"https:\/\/www.fantasticaficcion.com\/wp-content\/uploads\/2018\/05\/MemoryCalledEmpire_small.jpg\" alt=\"\" width=\"740\" height=\"1144\" srcset=\"https:\/\/www.fantasticaficcion.com\/wp-content\/uploads\/2018\/05\/MemoryCalledEmpire_small.jpg 740w, https:\/\/www.fantasticaficcion.com\/wp-content\/uploads\/2018\/05\/MemoryCalledEmpire_small-194x300.jpg 194w, https:\/\/www.fantasticaficcion.com\/wp-content\/uploads\/2018\/05\/MemoryCalledEmpire_small-662x1024.jpg 662w\" sizes=\"auto, (max-width: 706px) 89vw, (max-width: 767px) 82vw, 740px\" \/><\/a><\/p>\n","protected":false},"excerpt":{"rendered":"<p>Nos avis\u00f3 Alexander Paez por twitter, as\u00ed que aqu\u00ed os traigo la impactante portada de una obra llamada A Memory Called Empire de Arkady Martine. Se trata de una space opera que publicar\u00e1n en Marzo de 2019, as\u00ed que tenemos tiempo para ir fomentando el hype. La portada es obra de Jaime Jones y grita &hellip; <\/p>\n<p class=\"link-more\"><a href=\"https:\/\/www.fantasticaficcion.com\/index.php\/portada-de-a-memory-called-empire\/\" class=\"more-link\">Continuar leyendo<span class=\"screen-reader-text\"> &#8220;Portada de A Memory Called Empire&#8221;<\/span><\/a><\/p>\n","protected":false},"author":1,"featured_media":0,"comment_status":"open","ping_status":"open","sticky":false,"template":"","format":"standard","meta":{"jetpack_post_was_ever_published":false,"_jetpack_newsletter_access":"","_jetpack_dont_email_post_to_subs":false,"_jetpack_newsletter_tier_id":0,"_jetpack_memberships_contains_paywalled_content":false,"_jetpack_memberships_contains_paid_content":false,"footnotes":""},"categories":[10],"tags":[1082,190,96],"class_list":["post-8531","post","type-post","status-publish","format-standard","hentry","category-ciencia-ficcion-2","tag-arkady-martine","tag-noticias","tag-portadas"],"jetpack_featured_media_url":"","jetpack_shortlink":"https:\/\/wp.me\/p5fEpk-2dB","jetpack_sharing_enabled":true,"_links":{"self":[{"href":"https:\/\/www.fantasticaficcion.com\/index.php\/wp-json\/wp\/v2\/posts\/8531","targetHints":{"allow":["GET"]}}],"collection":[{"href":"https:\/\/www.fantasticaficcion.com\/index.php\/wp-json\/wp\/v2\/posts"}],"about":[{"href":"https:\/\/www.fantasticaficcion.com\/index.php\/wp-json\/wp\/v2\/types\/post"}],"author":[{"embeddable":true,"href":"https:\/\/www.fantasticaficcion.com\/index.php\/wp-json\/wp\/v2\/users\/1"}],"replies":[{"embeddable":true,"href":"https:\/\/www.fantasticaficcion.com\/index.php\/wp-json\/wp\/v2\/comments?post=8531"}],"version-history":[{"count":1,"href":"https:\/\/www.fantasticaficcion.com\/index.php\/wp-json\/wp\/v2\/posts\/8531\/revisions"}],"predecessor-version":[{"id":8533,"href":"https:\/\/www.fantasticaficcion.com\/index.php\/wp-json\/wp\/v2\/posts\/8531\/revisions\/8533"}],"wp:attachment":[{"href":"https:\/\/www.fantasticaficcion.com\/index.php\/wp-json\/wp\/v2\/media?parent=8531"}],"wp:term":[{"taxonomy":"category","embeddable":true,"href":"https:\/\/www.fantasticaficcion.com\/index.php\/wp-json\/wp\/v2\/categories?post=8531"},{"taxonomy":"post_tag","embeddable":true,"href":"https:\/\/www.fantasticaficcion.com\/index.php\/wp-json\/wp\/v2\/tags?post=8531"}],"curies":[{"name":"wp","href":"https:\/\/api.w.org\/{rel}","templated":true}]}}