{"id":8512,"date":"2018-05-22T05:30:47","date_gmt":"2018-05-22T05:30:47","guid":{"rendered":"http:\/\/www.fantasticaficcion.com\/?p=8512"},"modified":"2018-05-11T08:56:57","modified_gmt":"2018-05-11T08:56:57","slug":"portada-de-skyward-de-brandon-sanderson","status":"publish","type":"post","link":"https:\/\/www.fantasticaficcion.com\/index.php\/portada-de-skyward-de-brandon-sanderson\/","title":{"rendered":"Portada de Skyward de Brandon Sanderson"},"content":{"rendered":"<p style=\"text-align: justify;\">Ya conocemos cu\u00e1l ser\u00e1 la portada de la nueva obra de ciencia ficci\u00f3n de Brandon Sanderson, una obra juvenil titulada <em><strong>Skyward<\/strong><\/em>.<\/p>\n<p>Esta es la sinopsis:<\/p>\n<blockquote><p>Spensa\u2019s world has been under attack for hundreds of years. An alien race called the Krell leads onslaught after onslaught from the sky in a never-ending campaign to destroy humankind. Humanity\u2019s only defense is to take to their ships and combat the Krell. Pilots are the heroes of what\u2019s left of the human race.<\/p>\n<p>Becoming a pilot has always been Spensa\u2019s dream. Since she was a little girl, she has imagined soaring above the earth and proving her bravery. But her fate is intertwined with that of her father\u2014a pilot himself who was killed years ago when he abruptly deserted his team, leaving Spensa\u2019s chances of attending Flight School at slim to none.<\/p>\n<p>No one will let Spensa forget what her father did, but she is determined to fly. And the Krell just made that a possibility. They\u2019ve doubled their fleet, which will make Spensa\u2019s world twice as deadly . . . but just might take her skyward.<\/p><\/blockquote>\n<p style=\"text-align: justify;\">La ilustraci\u00f3n es de Charlie Bowater y el dise\u00f1o de Regina Flath.<\/p>\n<p><a href=\"https:\/\/www.fantasticaficcion.com\/wp-content\/uploads\/2018\/05\/skyward-book-cover-brandon-sanderson.png\"><img loading=\"lazy\" decoding=\"async\" class=\"aligncenter size-full wp-image-8513\" src=\"https:\/\/www.fantasticaficcion.com\/wp-content\/uploads\/2018\/05\/skyward-book-cover-brandon-sanderson.png\" alt=\"\" width=\"1269\" height=\"1893\" srcset=\"https:\/\/www.fantasticaficcion.com\/wp-content\/uploads\/2018\/05\/skyward-book-cover-brandon-sanderson.png 1269w, https:\/\/www.fantasticaficcion.com\/wp-content\/uploads\/2018\/05\/skyward-book-cover-brandon-sanderson-201x300.png 201w, https:\/\/www.fantasticaficcion.com\/wp-content\/uploads\/2018\/05\/skyward-book-cover-brandon-sanderson-768x1146.png 768w, https:\/\/www.fantasticaficcion.com\/wp-content\/uploads\/2018\/05\/skyward-book-cover-brandon-sanderson-686x1024.png 686w\" sizes=\"auto, (max-width: 767px) 89vw, (max-width: 1000px) 54vw, (max-width: 1071px) 543px, 580px\" \/><\/a><\/p>\n","protected":false},"excerpt":{"rendered":"<p>Ya conocemos cu\u00e1l ser\u00e1 la portada de la nueva obra de ciencia ficci\u00f3n de Brandon Sanderson, una obra juvenil titulada Skyward. Esta es la sinopsis: Spensa\u2019s world has been under attack for hundreds of years. An alien race called the Krell leads onslaught after onslaught from the sky in a never-ending campaign to destroy humankind. &hellip; <\/p>\n<p class=\"link-more\"><a href=\"https:\/\/www.fantasticaficcion.com\/index.php\/portada-de-skyward-de-brandon-sanderson\/\" class=\"more-link\">Continuar leyendo<span class=\"screen-reader-text\"> &#8220;Portada de Skyward de Brandon Sanderson&#8221;<\/span><\/a><\/p>\n","protected":false},"author":1,"featured_media":0,"comment_status":"open","ping_status":"open","sticky":false,"template":"","format":"standard","meta":{"jetpack_post_was_ever_published":false,"_jetpack_newsletter_access":"","_jetpack_dont_email_post_to_subs":false,"_jetpack_newsletter_tier_id":0,"_jetpack_memberships_contains_paywalled_content":false,"_jetpack_memberships_contains_paid_content":false,"footnotes":""},"categories":[830,10],"tags":[27,190,96],"class_list":["post-8512","post","type-post","status-publish","format-standard","hentry","category-artistas","category-ciencia-ficcion-2","tag-brandon-sanderson","tag-noticias","tag-portadas"],"jetpack_featured_media_url":"","jetpack_shortlink":"https:\/\/wp.me\/p5fEpk-2di","jetpack_sharing_enabled":true,"_links":{"self":[{"href":"https:\/\/www.fantasticaficcion.com\/index.php\/wp-json\/wp\/v2\/posts\/8512","targetHints":{"allow":["GET"]}}],"collection":[{"href":"https:\/\/www.fantasticaficcion.com\/index.php\/wp-json\/wp\/v2\/posts"}],"about":[{"href":"https:\/\/www.fantasticaficcion.com\/index.php\/wp-json\/wp\/v2\/types\/post"}],"author":[{"embeddable":true,"href":"https:\/\/www.fantasticaficcion.com\/index.php\/wp-json\/wp\/v2\/users\/1"}],"replies":[{"embeddable":true,"href":"https:\/\/www.fantasticaficcion.com\/index.php\/wp-json\/wp\/v2\/comments?post=8512"}],"version-history":[{"count":1,"href":"https:\/\/www.fantasticaficcion.com\/index.php\/wp-json\/wp\/v2\/posts\/8512\/revisions"}],"predecessor-version":[{"id":8514,"href":"https:\/\/www.fantasticaficcion.com\/index.php\/wp-json\/wp\/v2\/posts\/8512\/revisions\/8514"}],"wp:attachment":[{"href":"https:\/\/www.fantasticaficcion.com\/index.php\/wp-json\/wp\/v2\/media?parent=8512"}],"wp:term":[{"taxonomy":"category","embeddable":true,"href":"https:\/\/www.fantasticaficcion.com\/index.php\/wp-json\/wp\/v2\/categories?post=8512"},{"taxonomy":"post_tag","embeddable":true,"href":"https:\/\/www.fantasticaficcion.com\/index.php\/wp-json\/wp\/v2\/tags?post=8512"}],"curies":[{"name":"wp","href":"https:\/\/api.w.org\/{rel}","templated":true}]}}