{"id":8453,"date":"2018-05-16T05:30:57","date_gmt":"2018-05-16T05:30:57","guid":{"rendered":"http:\/\/www.fantasticaficcion.com\/?p=8453"},"modified":"2018-05-02T11:16:11","modified_gmt":"2018-05-02T11:16:11","slug":"orbit-books-anuncia-la-primera-novela-de-fantasia-de-ann-leckie","status":"publish","type":"post","link":"https:\/\/www.fantasticaficcion.com\/index.php\/orbit-books-anuncia-la-primera-novela-de-fantasia-de-ann-leckie\/","title":{"rendered":"Orbit Books anuncia la primera novela de fantas\u00eda de Ann Leckie"},"content":{"rendered":"<p style=\"text-align: justify;\"><a href=\"https:\/\/www.orbitbooks.net\/2018\/04\/13\/raven-tower-cover\/\">Orbit Books ha anunciado la publicaci\u00f3n<\/a> de la nueva novela de Ann Leckie, un libro de fantas\u00eda titulado <em><strong>The Raven Tower<\/strong><\/em>, que se publicar\u00e1 a principios de 2019. No hay mucha informaci\u00f3n al respecto, salvo este p\u00e1rrafo:<em><br \/>\n<\/em><\/p>\n<blockquote><p><em>Listen. A god is speaking.<\/em><br \/>\n<em> My voice echoes through the stone of your master\u2019s castle.<\/em><br \/>\n<em> This castle where he finds his uncle on his father\u2019s throne.<\/em><br \/>\n<em> You want to help him. You cannot.<\/em><br \/>\n<em> You are the only one who can hear me.<\/em><br \/>\n<em> You will change the world.<\/em><\/p><\/blockquote>\n<p>Esta es la portada:<\/p>\n<p><a href=\"https:\/\/www.fantasticaficcion.com\/wp-content\/uploads\/2018\/04\/the-raven-tower-ann-leckie-cover-full.jpg\"><img loading=\"lazy\" decoding=\"async\" class=\"aligncenter size-full wp-image-8454\" src=\"https:\/\/www.fantasticaficcion.com\/wp-content\/uploads\/2018\/04\/the-raven-tower-ann-leckie-cover-full.jpg\" alt=\"\" width=\"740\" height=\"1141\" srcset=\"https:\/\/www.fantasticaficcion.com\/wp-content\/uploads\/2018\/04\/the-raven-tower-ann-leckie-cover-full.jpg 740w, https:\/\/www.fantasticaficcion.com\/wp-content\/uploads\/2018\/04\/the-raven-tower-ann-leckie-cover-full-195x300.jpg 195w, https:\/\/www.fantasticaficcion.com\/wp-content\/uploads\/2018\/04\/the-raven-tower-ann-leckie-cover-full-664x1024.jpg 664w\" sizes=\"auto, (max-width: 706px) 89vw, (max-width: 767px) 82vw, 740px\" \/><\/a><\/p>\n<p style=\"text-align: justify;\">El dise\u00f1o de la portada es de\u00a0Lauren Panepinto y la imagen de Arcangel Images.<\/p>\n<p style=\"text-align: justify;\">\u00bfQu\u00e9 os parece? Para m\u00ed, la portada es bastante gen\u00e9rica as\u00ed que no consigue llamar mi atenci\u00f3n.<\/p>\n","protected":false},"excerpt":{"rendered":"<p>Orbit Books ha anunciado la publicaci\u00f3n de la nueva novela de Ann Leckie, un libro de fantas\u00eda titulado The Raven Tower, que se publicar\u00e1 a principios de 2019. No hay mucha informaci\u00f3n al respecto, salvo este p\u00e1rrafo: Listen. A god is speaking. My voice echoes through the stone of your master\u2019s castle. This castle where &hellip; <\/p>\n<p class=\"link-more\"><a href=\"https:\/\/www.fantasticaficcion.com\/index.php\/orbit-books-anuncia-la-primera-novela-de-fantasia-de-ann-leckie\/\" class=\"more-link\">Continuar leyendo<span class=\"screen-reader-text\"> &#8220;Orbit Books anuncia la primera novela de fantas\u00eda de Ann Leckie&#8221;<\/span><\/a><\/p>\n","protected":false},"author":1,"featured_media":0,"comment_status":"open","ping_status":"open","sticky":false,"template":"","format":"standard","meta":{"jetpack_post_was_ever_published":false,"_jetpack_newsletter_access":"","_jetpack_dont_email_post_to_subs":false,"_jetpack_newsletter_tier_id":0,"_jetpack_memberships_contains_paywalled_content":false,"_jetpack_memberships_contains_paid_content":false,"footnotes":""},"categories":[5],"tags":[337,190,96],"class_list":["post-8453","post","type-post","status-publish","format-standard","hentry","category-fantasia","tag-ann-leckie","tag-noticias","tag-portadas"],"jetpack_featured_media_url":"","jetpack_shortlink":"https:\/\/wp.me\/p5fEpk-2cl","jetpack_sharing_enabled":true,"_links":{"self":[{"href":"https:\/\/www.fantasticaficcion.com\/index.php\/wp-json\/wp\/v2\/posts\/8453","targetHints":{"allow":["GET"]}}],"collection":[{"href":"https:\/\/www.fantasticaficcion.com\/index.php\/wp-json\/wp\/v2\/posts"}],"about":[{"href":"https:\/\/www.fantasticaficcion.com\/index.php\/wp-json\/wp\/v2\/types\/post"}],"author":[{"embeddable":true,"href":"https:\/\/www.fantasticaficcion.com\/index.php\/wp-json\/wp\/v2\/users\/1"}],"replies":[{"embeddable":true,"href":"https:\/\/www.fantasticaficcion.com\/index.php\/wp-json\/wp\/v2\/comments?post=8453"}],"version-history":[{"count":2,"href":"https:\/\/www.fantasticaficcion.com\/index.php\/wp-json\/wp\/v2\/posts\/8453\/revisions"}],"predecessor-version":[{"id":8456,"href":"https:\/\/www.fantasticaficcion.com\/index.php\/wp-json\/wp\/v2\/posts\/8453\/revisions\/8456"}],"wp:attachment":[{"href":"https:\/\/www.fantasticaficcion.com\/index.php\/wp-json\/wp\/v2\/media?parent=8453"}],"wp:term":[{"taxonomy":"category","embeddable":true,"href":"https:\/\/www.fantasticaficcion.com\/index.php\/wp-json\/wp\/v2\/categories?post=8453"},{"taxonomy":"post_tag","embeddable":true,"href":"https:\/\/www.fantasticaficcion.com\/index.php\/wp-json\/wp\/v2\/tags?post=8453"}],"curies":[{"name":"wp","href":"https:\/\/api.w.org\/{rel}","templated":true}]}}