{"id":8449,"date":"2018-04-23T05:30:00","date_gmt":"2018-04-23T05:30:00","guid":{"rendered":"http:\/\/www.fantasticaficcion.com\/?p=8449"},"modified":"2018-04-23T06:02:34","modified_gmt":"2018-04-23T06:02:34","slug":"las-tres-muertes-de-fermin-salvochea","status":"publish","type":"post","link":"https:\/\/www.fantasticaficcion.com\/index.php\/las-tres-muertes-de-fermin-salvochea\/","title":{"rendered":"Las Tres Muertes de Ferm\u00edn Salvochea"},"content":{"rendered":"<p style=\"text-align: justify;\"><a href=\"https:\/\/www.fantasticaficcion.com\/wp-content\/uploads\/2018\/04\/salvochea.jpg\"><img loading=\"lazy\" decoding=\"async\" class=\"alignright size-full wp-image-8450\" src=\"https:\/\/www.fantasticaficcion.com\/wp-content\/uploads\/2018\/04\/salvochea.jpg\" alt=\"\" width=\"179\" height=\"281\" \/><\/a>Tengo un recuerdo de la infancia, de largos viajes en coche sin cintur\u00f3n de seguridad en el asiento de atr\u00e1s y escuchando una cinta naranja de coplas que era la \u00fanica que mis padres ten\u00edan. Y os cuento esto para empezar la rese\u00f1a para poner en valor una de las principales caracter\u00edsticas de la novela de Jes\u00fas Ca\u00f1adas : su poder de crear un escenario cre\u00edble sobrenatural.<\/p>\n<p style=\"text-align: justify;\">Y es que yo no soy gaditana, pero me\u00a0 puedo creer perfectamente esas historias de calles y recovecos, de vecinas chismosas en el patio y de infancias quebradas, porque aunque yo no lo haya vivido s\u00ed que recuerdo perfectamente las historias de mis padres y mis abuelos, que encajan perfectamente con lo que relata Jes\u00fas. De hecho, mi padre siempre dice que &#8220;va a llover m\u00e1s que cuando enterraron a Bigote&#8221; y\u00a0 mi madre &#8220;esta es la hebra de Mar\u00eda Moco, que cosi\u00f3 un camis\u00f3n y le qued\u00f3 para otro&#8221;. As\u00ed que mi conexi\u00f3n emocional con el libro sobrepasa los l\u00edmites de la simple empat\u00eda con los personajes y se convierte en algo \u00edntimo y personal.<\/p>\n<p style=\"text-align: justify;\">Esto no es \u00f3bice para reconocer el extraordinario trabajo con el lenguaje que realiza Jes\u00fas, capaz de dotar a sus personajes de una lengua propia acorde con sus conocimientos y que sirve como otro engranaje para construir un reloj de precisi\u00f3n con una figura de alacr\u00e1n.<\/p>\n<p style=\"text-align: justify;\">El uso de un narrador poco confiable tambi\u00e9n es otro acierto, adem\u00e1s llevado hasta un extremo perturbador. No es solo que Jua\u00edco cuente su historia adorn\u00e1ndola como cree oportuno con sus aires de embaucador, es que el resto de gaditanos parece seguirle el juego a pesar de las contradicciones en las que cae. Y esto, visto a trav\u00e9s de los ojos de un ni\u00f1o que est\u00e1 dejando de serlo, resulta conmovedor.<\/p>\n<p style=\"text-align: justify;\">Me gusta mucho la divisi\u00f3n temporal del libro en dos partes diferenciadas pero relacionadas \u00edntimamente. El inexorable paso del tiempo se ve reflejado en las cicatrices y en los cuerpos, pero mucho m\u00e1s en las almas de sus criaturas. En esto tambi\u00e9n se aprecia el trabajo de un fino artista, que va cincelando cada arruga, cada marca y cada pliegue. Las acciones del pasado tienen efecto en el futuro y algunos de los comentarios del futuro ver\u00e1n su reflejo en el pasado.<\/p>\n<p style=\"text-align: justify;\">No todo es perfecto en la novela. A veces algunas de las acciones parecen hechas exprofeso para el lucimiento de Ca\u00f1adas y en otras las casualidades favorecen la historia. Pero son nimiedades.<\/p>\n<p style=\"text-align: justify;\"><em><strong>Las Tres Muertes de Ferm\u00edn Salvochea<\/strong> <\/em>es una novela estupenda, con sus toques costumbristas, con un tratamiento de las realidades sociales que aunque haya pasado un siglo siguen estando vigentes y con un amor indiscutible por la ciudad que le vio crecer. Ojal\u00e1 alguien pudiera hacer lo mismo por la m\u00eda.<\/p>\n","protected":false},"excerpt":{"rendered":"<p>Tengo un recuerdo de la infancia, de largos viajes en coche sin cintur\u00f3n de seguridad en el asiento de atr\u00e1s y escuchando una cinta naranja de coplas que era la \u00fanica que mis padres ten\u00edan. Y os cuento esto para empezar la rese\u00f1a para poner en valor una de las principales caracter\u00edsticas de la novela &hellip; <\/p>\n<p class=\"link-more\"><a href=\"https:\/\/www.fantasticaficcion.com\/index.php\/las-tres-muertes-de-fermin-salvochea\/\" class=\"more-link\">Continuar leyendo<span class=\"screen-reader-text\"> &#8220;Las Tres Muertes de Ferm\u00edn Salvochea&#8221;<\/span><\/a><\/p>\n","protected":false},"author":1,"featured_media":0,"comment_status":"open","ping_status":"open","sticky":false,"template":"","format":"standard","meta":{"jetpack_post_was_ever_published":false,"_jetpack_newsletter_access":"","_jetpack_dont_email_post_to_subs":false,"_jetpack_newsletter_tier_id":0,"_jetpack_memberships_contains_paywalled_content":false,"_jetpack_memberships_contains_paid_content":false,"footnotes":""},"categories":[5],"tags":[664,1079,14,8],"class_list":["post-8449","post","type-post","status-publish","format-standard","hentry","category-fantasia","tag-fantasia","tag-jesus-canadas","tag-libros-en-espanol","tag-resenas"],"jetpack_featured_media_url":"","jetpack_shortlink":"https:\/\/wp.me\/p5fEpk-2ch","jetpack_sharing_enabled":true,"_links":{"self":[{"href":"https:\/\/www.fantasticaficcion.com\/index.php\/wp-json\/wp\/v2\/posts\/8449","targetHints":{"allow":["GET"]}}],"collection":[{"href":"https:\/\/www.fantasticaficcion.com\/index.php\/wp-json\/wp\/v2\/posts"}],"about":[{"href":"https:\/\/www.fantasticaficcion.com\/index.php\/wp-json\/wp\/v2\/types\/post"}],"author":[{"embeddable":true,"href":"https:\/\/www.fantasticaficcion.com\/index.php\/wp-json\/wp\/v2\/users\/1"}],"replies":[{"embeddable":true,"href":"https:\/\/www.fantasticaficcion.com\/index.php\/wp-json\/wp\/v2\/comments?post=8449"}],"version-history":[{"count":3,"href":"https:\/\/www.fantasticaficcion.com\/index.php\/wp-json\/wp\/v2\/posts\/8449\/revisions"}],"predecessor-version":[{"id":8471,"href":"https:\/\/www.fantasticaficcion.com\/index.php\/wp-json\/wp\/v2\/posts\/8449\/revisions\/8471"}],"wp:attachment":[{"href":"https:\/\/www.fantasticaficcion.com\/index.php\/wp-json\/wp\/v2\/media?parent=8449"}],"wp:term":[{"taxonomy":"category","embeddable":true,"href":"https:\/\/www.fantasticaficcion.com\/index.php\/wp-json\/wp\/v2\/categories?post=8449"},{"taxonomy":"post_tag","embeddable":true,"href":"https:\/\/www.fantasticaficcion.com\/index.php\/wp-json\/wp\/v2\/tags?post=8449"}],"curies":[{"name":"wp","href":"https:\/\/api.w.org\/{rel}","templated":true}]}}