{"id":8304,"date":"2018-04-11T05:30:24","date_gmt":"2018-04-11T05:30:24","guid":{"rendered":"http:\/\/www.fantasticaficcion.com\/?p=8304"},"modified":"2018-03-31T11:34:49","modified_gmt":"2018-03-31T11:34:49","slug":"portada-de-port-of-shadows","status":"publish","type":"post","link":"https:\/\/www.fantasticaficcion.com\/index.php\/portada-de-port-of-shadows\/","title":{"rendered":"Portada de Port of Shadows"},"content":{"rendered":"<p style=\"text-align: justify;\">Ya nos hicimos eco de <a href=\"https:\/\/www.fantasticaficcion.com\/index.php\/anunciada-una-nueva-novela-de-la-compania-negra\/\">la noticia hace un tiempo<\/a>, pero ahora os traemos la que ser\u00e1 portada de la nueva novela de la Compa\u00f1\u00eda Negra, <strong>Port of Shadows, <\/strong>obra de Raymond Swanland.<\/p>\n<p style=\"text-align: justify;\">Temporalmente se sit\u00faa entre las dos primeras novelas de la Compa\u00f1\u00eda, <strong><i>The Black Company<\/i><\/strong> <i>y <strong>Shadows Linger<\/strong>.<\/i><\/p>\n<p style=\"text-align: justify;\"><a href=\"https:\/\/www.fantasticaficcion.com\/wp-content\/uploads\/2018\/02\/Port-of-Shadows_full.jpg\"><img loading=\"lazy\" decoding=\"async\" class=\"aligncenter size-full wp-image-8306\" src=\"https:\/\/www.fantasticaficcion.com\/wp-content\/uploads\/2018\/02\/Port-of-Shadows_full.jpg\" alt=\"\" width=\"740\" height=\"1125\" srcset=\"https:\/\/www.fantasticaficcion.com\/wp-content\/uploads\/2018\/02\/Port-of-Shadows_full.jpg 740w, https:\/\/www.fantasticaficcion.com\/wp-content\/uploads\/2018\/02\/Port-of-Shadows_full-197x300.jpg 197w, https:\/\/www.fantasticaficcion.com\/wp-content\/uploads\/2018\/02\/Port-of-Shadows_full-674x1024.jpg 674w\" sizes=\"auto, (max-width: 706px) 89vw, (max-width: 767px) 82vw, 740px\" \/><\/a>El libro se publicar\u00e1 el 11 de septiembre.<\/p>\n","protected":false},"excerpt":{"rendered":"<p>Ya nos hicimos eco de la noticia hace un tiempo, pero ahora os traemos la que ser\u00e1 portada de la nueva novela de la Compa\u00f1\u00eda Negra, Port of Shadows, obra de Raymond Swanland. Temporalmente se sit\u00faa entre las dos primeras novelas de la Compa\u00f1\u00eda, The Black Company y Shadows Linger. El libro se publicar\u00e1 el &hellip; <\/p>\n<p class=\"link-more\"><a href=\"https:\/\/www.fantasticaficcion.com\/index.php\/portada-de-port-of-shadows\/\" class=\"more-link\">Continuar leyendo<span class=\"screen-reader-text\"> &#8220;Portada de Port of Shadows&#8221;<\/span><\/a><\/p>\n","protected":false},"author":1,"featured_media":0,"comment_status":"open","ping_status":"open","sticky":false,"template":"","format":"standard","meta":{"jetpack_post_was_ever_published":false,"_jetpack_newsletter_access":"","_jetpack_dont_email_post_to_subs":false,"_jetpack_newsletter_tier_id":0,"_jetpack_memberships_contains_paywalled_content":false,"_jetpack_memberships_contains_paid_content":false,"footnotes":""},"categories":[830,5],"tags":[429,190,96],"class_list":["post-8304","post","type-post","status-publish","format-standard","hentry","category-artistas","category-fantasia","tag-glen-cook","tag-noticias","tag-portadas"],"jetpack_featured_media_url":"","jetpack_shortlink":"https:\/\/wp.me\/p5fEpk-29W","jetpack_sharing_enabled":true,"_links":{"self":[{"href":"https:\/\/www.fantasticaficcion.com\/index.php\/wp-json\/wp\/v2\/posts\/8304","targetHints":{"allow":["GET"]}}],"collection":[{"href":"https:\/\/www.fantasticaficcion.com\/index.php\/wp-json\/wp\/v2\/posts"}],"about":[{"href":"https:\/\/www.fantasticaficcion.com\/index.php\/wp-json\/wp\/v2\/types\/post"}],"author":[{"embeddable":true,"href":"https:\/\/www.fantasticaficcion.com\/index.php\/wp-json\/wp\/v2\/users\/1"}],"replies":[{"embeddable":true,"href":"https:\/\/www.fantasticaficcion.com\/index.php\/wp-json\/wp\/v2\/comments?post=8304"}],"version-history":[{"count":1,"href":"https:\/\/www.fantasticaficcion.com\/index.php\/wp-json\/wp\/v2\/posts\/8304\/revisions"}],"predecessor-version":[{"id":8307,"href":"https:\/\/www.fantasticaficcion.com\/index.php\/wp-json\/wp\/v2\/posts\/8304\/revisions\/8307"}],"wp:attachment":[{"href":"https:\/\/www.fantasticaficcion.com\/index.php\/wp-json\/wp\/v2\/media?parent=8304"}],"wp:term":[{"taxonomy":"category","embeddable":true,"href":"https:\/\/www.fantasticaficcion.com\/index.php\/wp-json\/wp\/v2\/categories?post=8304"},{"taxonomy":"post_tag","embeddable":true,"href":"https:\/\/www.fantasticaficcion.com\/index.php\/wp-json\/wp\/v2\/tags?post=8304"}],"curies":[{"name":"wp","href":"https:\/\/api.w.org\/{rel}","templated":true}]}}