{"id":8145,"date":"2018-01-25T06:36:44","date_gmt":"2018-01-25T06:36:44","guid":{"rendered":"http:\/\/www.fantasticaficcion.com\/?p=8145"},"modified":"2018-01-25T06:36:44","modified_gmt":"2018-01-25T06:36:44","slug":"la-aritmetica-del-caos","status":"publish","type":"post","link":"https:\/\/www.fantasticaficcion.com\/index.php\/la-aritmetica-del-caos\/","title":{"rendered":"La Aritm\u00e9tica del Caos"},"content":{"rendered":"<p style=\"text-align: justify;\"><a href=\"https:\/\/www.fantasticaficcion.com\/wp-content\/uploads\/2018\/01\/la-aritmetica-del-caos.jpg\"><img loading=\"lazy\" decoding=\"async\" class=\"alignright size-medium wp-image-8146\" src=\"https:\/\/www.fantasticaficcion.com\/wp-content\/uploads\/2018\/01\/la-aritmetica-del-caos-196x300.jpg\" alt=\"\" width=\"196\" height=\"300\" srcset=\"https:\/\/www.fantasticaficcion.com\/wp-content\/uploads\/2018\/01\/la-aritmetica-del-caos-196x300.jpg 196w, https:\/\/www.fantasticaficcion.com\/wp-content\/uploads\/2018\/01\/la-aritmetica-del-caos-768x1177.jpg 768w, https:\/\/www.fantasticaficcion.com\/wp-content\/uploads\/2018\/01\/la-aritmetica-del-caos-668x1024.jpg 668w, https:\/\/www.fantasticaficcion.com\/wp-content\/uploads\/2018\/01\/la-aritmetica-del-caos.jpg 783w\" sizes=\"auto, (max-width: 196px) 100vw, 196px\" \/><\/a>Eduardo Vaquerizo es un autor con un amplio registro, que va desde la ucron\u00eda de<a href=\"https:\/\/www.fantasticaficcion.com\/index.php\/danza-de-tinieblas\/\"><strong><em> Danza<\/em> de Tinieblas<\/strong><\/a> a la cr\u00edtica social de<a href=\"https:\/\/www.fantasticaficcion.com\/index.php\/nos-mienten\/\"><em><strong> Nos Mienten<\/strong><\/em><\/a> pasando por otros estilo como<em><strong> La \u00daltima Noche de Hipatia<\/strong><\/em>. Desde que supe de la publicaci\u00f3n de <em><strong>La Aritm\u00e9tica del Caos<\/strong><\/em> estuve interesada en leerla y en este a\u00f1o que comienza encontr\u00e9 el momento adecuado.<\/p>\n<p style=\"text-align: justify;\">La voz de tres personajes vertebra la narraci\u00f3n de este libro. Un funcionario jubilado, un joven que sufre alucinaciones y una asesina despiadada. Tres vidas aparentemente inconexas, pero que est\u00e1n condenadas a cruzarse.<\/p>\n<p style=\"text-align: justify;\">La prosa que utiliza Eduardo es afilada como una navaja cu\u00e1ntica, utilizando en muchas ocasiones la sinestesia para las descripciones. Desarrollando un escenario conocido como las calles de Madrid nos muestra una historia alucin\u00f3gena y cruel con algo de intenci\u00f3n admonitoria.<\/p>\n<p style=\"text-align: justify;\">Creo que <strong><em>La Aritm\u00e9tica del Caos<\/em><\/strong> toma el pulso de la actualidad socioecon\u00f3mica y lo subvierte para mostrarnos otra realidad. Pero creo que este ejercicio necesita de la complicidad impl\u00edcita del lector algo que el autor no siempre consigue. El inter\u00e9s de los varios puntos de vista es bastante desigual aunque el parte final del libro (que por otra parte es bastante breve) consigue aunar de forma brillante a los tres personajes.<\/p>\n<p style=\"text-align: justify;\">Hay ciertos toques de fr\u00eda violencia que a m\u00ed personalmente me repugnan, aunque entiendo la parte que forman de la narraci\u00f3n, frisando en el terror. En contraste, me llama mucho la atenci\u00f3n la diversidad de personajes imaginarios que desfilan por las p\u00e1ginas del libro, cada uno exponiendo un punto de vista interesante, quiz\u00e1 no el esperado por lo que la figura representa.<\/p>\n<p style=\"text-align: justify;\">En cuanto a la edici\u00f3n, me he encontrado con algunos fallos llamativos pero que me parece ser\u00edan f\u00e1cilmente subsanables (utilizar onceava en vez de und\u00e9cima, cambiar el nombre de una ciudad en apenas dos p\u00e1rrafos, algunos la\u00edsmos&#8230;). La portada me parece muy en consonancia con la historia.<\/p>\n","protected":false},"excerpt":{"rendered":"<p>Eduardo Vaquerizo es un autor con un amplio registro, que va desde la ucron\u00eda de Danza de Tinieblas a la cr\u00edtica social de Nos Mienten pasando por otros estilo como La \u00daltima Noche de Hipatia. Desde que supe de la publicaci\u00f3n de La Aritm\u00e9tica del Caos estuve interesada en leerla y en este a\u00f1o que &hellip; <\/p>\n<p class=\"link-more\"><a href=\"https:\/\/www.fantasticaficcion.com\/index.php\/la-aritmetica-del-caos\/\" class=\"more-link\">Continuar leyendo<span class=\"screen-reader-text\"> &#8220;La Aritm\u00e9tica del Caos&#8221;<\/span><\/a><\/p>\n","protected":false},"author":1,"featured_media":0,"comment_status":"open","ping_status":"open","sticky":false,"template":"","format":"standard","meta":{"jetpack_post_was_ever_published":false,"_jetpack_newsletter_access":"","_jetpack_dont_email_post_to_subs":false,"_jetpack_newsletter_tier_id":0,"_jetpack_memberships_contains_paywalled_content":false,"_jetpack_memberships_contains_paid_content":false,"footnotes":""},"categories":[10],"tags":[392,14,8],"class_list":["post-8145","post","type-post","status-publish","format-standard","hentry","category-ciencia-ficcion-2","tag-eduardo-vaquerizo","tag-libros-en-espanol","tag-resenas"],"jetpack_featured_media_url":"","jetpack_shortlink":"https:\/\/wp.me\/p5fEpk-27n","jetpack_sharing_enabled":true,"_links":{"self":[{"href":"https:\/\/www.fantasticaficcion.com\/index.php\/wp-json\/wp\/v2\/posts\/8145","targetHints":{"allow":["GET"]}}],"collection":[{"href":"https:\/\/www.fantasticaficcion.com\/index.php\/wp-json\/wp\/v2\/posts"}],"about":[{"href":"https:\/\/www.fantasticaficcion.com\/index.php\/wp-json\/wp\/v2\/types\/post"}],"author":[{"embeddable":true,"href":"https:\/\/www.fantasticaficcion.com\/index.php\/wp-json\/wp\/v2\/users\/1"}],"replies":[{"embeddable":true,"href":"https:\/\/www.fantasticaficcion.com\/index.php\/wp-json\/wp\/v2\/comments?post=8145"}],"version-history":[{"count":2,"href":"https:\/\/www.fantasticaficcion.com\/index.php\/wp-json\/wp\/v2\/posts\/8145\/revisions"}],"predecessor-version":[{"id":8154,"href":"https:\/\/www.fantasticaficcion.com\/index.php\/wp-json\/wp\/v2\/posts\/8145\/revisions\/8154"}],"wp:attachment":[{"href":"https:\/\/www.fantasticaficcion.com\/index.php\/wp-json\/wp\/v2\/media?parent=8145"}],"wp:term":[{"taxonomy":"category","embeddable":true,"href":"https:\/\/www.fantasticaficcion.com\/index.php\/wp-json\/wp\/v2\/categories?post=8145"},{"taxonomy":"post_tag","embeddable":true,"href":"https:\/\/www.fantasticaficcion.com\/index.php\/wp-json\/wp\/v2\/tags?post=8145"}],"curies":[{"name":"wp","href":"https:\/\/api.w.org\/{rel}","templated":true}]}}