{"id":8102,"date":"2018-01-17T06:43:15","date_gmt":"2018-01-17T06:43:15","guid":{"rendered":"http:\/\/www.fantasticaficcion.com\/?p=8102"},"modified":"2018-01-17T06:43:15","modified_gmt":"2018-01-17T06:43:15","slug":"portada-de-the-body-library","status":"publish","type":"post","link":"https:\/\/www.fantasticaficcion.com\/index.php\/portada-de-the-body-library\/","title":{"rendered":"Portada de The Body Library"},"content":{"rendered":"<p style=\"text-align: justify;\">En Tor.com ha publicado la que ser\u00e1 portada del nuevo libro de Jeff Noon, titulado <em><strong>The Body Library.<\/strong><\/em><\/p>\n<p style=\"text-align: justify;\">Ser\u00e1 la secuela de <em><strong>A Man of Shadows<\/strong><\/em>, la\u00a0novela recomendada por Armando en el<a href=\"http:\/\/verdhugos.blogspot.com.es\/2017\/12\/bienvenidos-nuevo-capitulo-del-podcast.html\"> \u00faltimo episodio de VerdHugos<\/a>.<\/p>\n<p>Aqu\u00ed est\u00e1 la portada, en l\u00ednea con la anterior:<\/p>\n<p><a href=\"https:\/\/www.fantasticaficcion.com\/wp-content\/uploads\/2018\/01\/TheBodyLibrary.jpg\"><img loading=\"lazy\" decoding=\"async\" class=\"aligncenter size-full wp-image-8103\" src=\"https:\/\/www.fantasticaficcion.com\/wp-content\/uploads\/2018\/01\/TheBodyLibrary.jpg\" alt=\"\" width=\"740\" height=\"1122\" srcset=\"https:\/\/www.fantasticaficcion.com\/wp-content\/uploads\/2018\/01\/TheBodyLibrary.jpg 740w, https:\/\/www.fantasticaficcion.com\/wp-content\/uploads\/2018\/01\/TheBodyLibrary-198x300.jpg 198w, https:\/\/www.fantasticaficcion.com\/wp-content\/uploads\/2018\/01\/TheBodyLibrary-675x1024.jpg 675w\" sizes=\"auto, (max-width: 706px) 89vw, (max-width: 767px) 82vw, 740px\" \/><\/a><\/p>\n<p>Y la sinopsis:<\/p>\n<blockquote><p>In a city dissolving into an infected sprawl of ideas, where words come to life and reality is contaminated by stories, John Nyquist wakes up in a room with a dead body\u2026 The dead man\u2019s impossible whispers plunge him into a murder investigation like no other. Clues point him deeper into an unfolding story infesting its participants as reality blurs between place and genre.<\/p>\n<p>Only one man can hope to put it all back together into some kind of order, enough that lives can be saved\u2026 That man is Nyquist, and he is lost.<\/p><\/blockquote>\n","protected":false},"excerpt":{"rendered":"<p>En Tor.com ha publicado la que ser\u00e1 portada del nuevo libro de Jeff Noon, titulado The Body Library. Ser\u00e1 la secuela de A Man of Shadows, la\u00a0novela recomendada por Armando en el \u00faltimo episodio de VerdHugos. Aqu\u00ed est\u00e1 la portada, en l\u00ednea con la anterior: Y la sinopsis: In a city dissolving into an infected &hellip; <\/p>\n<p class=\"link-more\"><a href=\"https:\/\/www.fantasticaficcion.com\/index.php\/portada-de-the-body-library\/\" class=\"more-link\">Continuar leyendo<span class=\"screen-reader-text\"> &#8220;Portada de The Body Library&#8221;<\/span><\/a><\/p>\n","protected":false},"author":1,"featured_media":0,"comment_status":"open","ping_status":"open","sticky":false,"template":"","format":"standard","meta":{"jetpack_post_was_ever_published":false,"_jetpack_newsletter_access":"","_jetpack_dont_email_post_to_subs":false,"_jetpack_newsletter_tier_id":0,"_jetpack_memberships_contains_paywalled_content":false,"_jetpack_memberships_contains_paid_content":false,"footnotes":""},"categories":[10],"tags":[741,190,96],"class_list":["post-8102","post","type-post","status-publish","format-standard","hentry","category-ciencia-ficcion-2","tag-jeff-noon","tag-noticias","tag-portadas"],"jetpack_featured_media_url":"","jetpack_shortlink":"https:\/\/wp.me\/p5fEpk-26G","jetpack_sharing_enabled":true,"_links":{"self":[{"href":"https:\/\/www.fantasticaficcion.com\/index.php\/wp-json\/wp\/v2\/posts\/8102","targetHints":{"allow":["GET"]}}],"collection":[{"href":"https:\/\/www.fantasticaficcion.com\/index.php\/wp-json\/wp\/v2\/posts"}],"about":[{"href":"https:\/\/www.fantasticaficcion.com\/index.php\/wp-json\/wp\/v2\/types\/post"}],"author":[{"embeddable":true,"href":"https:\/\/www.fantasticaficcion.com\/index.php\/wp-json\/wp\/v2\/users\/1"}],"replies":[{"embeddable":true,"href":"https:\/\/www.fantasticaficcion.com\/index.php\/wp-json\/wp\/v2\/comments?post=8102"}],"version-history":[{"count":2,"href":"https:\/\/www.fantasticaficcion.com\/index.php\/wp-json\/wp\/v2\/posts\/8102\/revisions"}],"predecessor-version":[{"id":8105,"href":"https:\/\/www.fantasticaficcion.com\/index.php\/wp-json\/wp\/v2\/posts\/8102\/revisions\/8105"}],"wp:attachment":[{"href":"https:\/\/www.fantasticaficcion.com\/index.php\/wp-json\/wp\/v2\/media?parent=8102"}],"wp:term":[{"taxonomy":"category","embeddable":true,"href":"https:\/\/www.fantasticaficcion.com\/index.php\/wp-json\/wp\/v2\/categories?post=8102"},{"taxonomy":"post_tag","embeddable":true,"href":"https:\/\/www.fantasticaficcion.com\/index.php\/wp-json\/wp\/v2\/tags?post=8102"}],"curies":[{"name":"wp","href":"https:\/\/api.w.org\/{rel}","templated":true}]}}