{"id":8096,"date":"2018-01-08T06:37:32","date_gmt":"2018-01-08T06:37:32","guid":{"rendered":"http:\/\/www.fantasticaficcion.com\/?p=8096"},"modified":"2018-01-08T08:29:31","modified_gmt":"2018-01-08T08:29:31","slug":"me-trago-el-igualma","status":"publish","type":"post","link":"https:\/\/www.fantasticaficcion.com\/index.php\/me-trago-el-igualma\/","title":{"rendered":"Me trag\u00f3 el igualma"},"content":{"rendered":"<p style=\"text-align: justify;\"><a href=\"https:\/\/www.fantasticaficcion.com\/wp-content\/uploads\/2018\/01\/igualma.jpg\"><img loading=\"lazy\" decoding=\"async\" class=\"aligncenter size-full wp-image-8100\" src=\"https:\/\/www.fantasticaficcion.com\/wp-content\/uploads\/2018\/01\/igualma.jpg\" alt=\"\" width=\"310\" height=\"163\" srcset=\"https:\/\/www.fantasticaficcion.com\/wp-content\/uploads\/2018\/01\/igualma.jpg 310w, https:\/\/www.fantasticaficcion.com\/wp-content\/uploads\/2018\/01\/igualma-300x158.jpg 300w\" sizes=\"auto, (max-width: 310px) 100vw, 310px\" \/><\/a>A pesar de las muchas vicisitudes que pas\u00e9 para hacerme con mi ejemplar de <em><strong>Me trag\u00f3 el igualma<\/strong><\/em>, o quiz\u00e1 alentada por ellas, me puse a leerlo conforme cay\u00f3 en mis manos. Es una obra de <a href=\"https:\/\/www.fantasticaficcion.com\/index.php\/donde-estan-las-naves-espaciales\/\">un autor<\/a> al que me gustar\u00eda ver publicado m\u00e1s a menudo y encima con un texto de mi gran amigo El\u00edas Combarro, as\u00ed que ten\u00eda todas las papeletas para gustarme. \u00a1C\u00f3mo me alegra haber acertado!<\/p>\n<p style=\"text-align: justify;\">Lo primero que salta a la vista, ya desde los primeros p\u00e1rrafos, es la musicalidad de la prosa. Creo que ser\u00eda toda una experiencia escuchar el libro narrado porque creo que tiene una m\u00e9trica casi po\u00e9tica. Esta sonoridad se mantiene a lo largo de todo el libro y consigue encandilar al lector. Pero esta no es su principal virtud.<\/p>\n<p style=\"text-align: justify;\">Para m\u00ed esta virtud, es la imaginaci\u00f3n que nos asalta en cada p\u00e1gina. La narraci\u00f3n est\u00e1 pr\u00e1cticamente centrada en un solo planeta, pero V\u00edctor ha sido capaz de mostrarnos el universo. En este sentido me recuerda mucho a los tebeos de Valerian, de mis favoritos de todos los tiempos.<\/p>\n<p style=\"text-align: justify;\">Con homenajes claros a Carl Sagan desde la orilla del oc\u00e9ano c\u00f3smico y otros no tan obvios como el de<a href=\"https:\/\/books.google.es\/books?id=tPVOs1tQ8aIC&amp;pg=PA253&amp;lpg=PA253&amp;dq=Belisario+sus+monumentos+pertenecen+a+la+posteridad&amp;source=bl&amp;ots=nwQhBUpMGZ&amp;sig=S1IdaqqzATMOPFuuordG85Bkxvc&amp;hl=es&amp;sa=X&amp;ved=0ahUKEwj--f_3p8DYAhWGORQKHc54Bo0Q6AEIPjAJ#v=onepage&amp;q=Belisario%20sus%20monumentos%20pertenecen%20a%20la%20posteridad&amp;f=false\"> Belisario<\/a>, que el propio V\u00edctor me tuvo que apuntar, o a Italo Calvino.<\/p>\n<p style=\"text-align: justify;\">Es un canto de amor al universo desde la parte m\u00e1s infinitesimal a la m\u00e1s inmensa pero tambi\u00e9n un alegato pacifista y ecologista, entendiendo la ecolog\u00eda como la protecci\u00f3n del mundo natural, pero sin entrar en conflicto con el progreso.<\/p>\n<p style=\"text-align: justify;\">Tambi\u00e9n me ha gustado el detalle de que el universo sea compartido con otras obras del mismo autor. Este dato lo sabemos por peque\u00f1as referencias a los cromat\u00f3fagos y los ingr\u00e1vidos, otros seres nacidos de la imaginaci\u00f3n del escritor.<\/p>\n<p style=\"text-align: justify;\">Un peque\u00f1o detalle que no desluce para nada la lectura pero que creo que se podr\u00eda haber corregido es la repetici\u00f3n excesiva de ciertos t\u00e9rminos, como &#8220;soltar lastre&#8221; que supongo se podr\u00eda haber evitado con alg\u00fan sin\u00f3nimo. A menos que esta repetici\u00f3n sea un efecto buscado, algo que es perfectamente posible.<\/p>\n<p style=\"text-align: justify;\">Solo me queda recomendar la lectura de esta peque\u00f1a joya de la ciencia ficci\u00f3n espa\u00f1ola.<\/p>\n","protected":false},"excerpt":{"rendered":"<p>A pesar de las muchas vicisitudes que pas\u00e9 para hacerme con mi ejemplar de Me trag\u00f3 el igualma, o quiz\u00e1 alentada por ellas, me puse a leerlo conforme cay\u00f3 en mis manos. Es una obra de un autor al que me gustar\u00eda ver publicado m\u00e1s a menudo y encima con un texto de mi gran &hellip; <\/p>\n<p class=\"link-more\"><a href=\"https:\/\/www.fantasticaficcion.com\/index.php\/me-trago-el-igualma\/\" class=\"more-link\">Continuar leyendo<span class=\"screen-reader-text\"> &#8220;Me trag\u00f3 el igualma&#8221;<\/span><\/a><\/p>\n","protected":false},"author":1,"featured_media":0,"comment_status":"open","ping_status":"open","sticky":false,"template":"","format":"standard","meta":{"jetpack_post_was_ever_published":false,"_jetpack_newsletter_access":"","_jetpack_dont_email_post_to_subs":false,"_jetpack_newsletter_tier_id":0,"_jetpack_memberships_contains_paywalled_content":false,"_jetpack_memberships_contains_paid_content":false,"footnotes":""},"categories":[10],"tags":[4,14,8,737],"class_list":["post-8096","post","type-post","status-publish","format-standard","hentry","category-ciencia-ficcion-2","tag-ciencia-ficcion","tag-libros-en-espanol","tag-resenas","tag-victor-guisado-munoz"],"jetpack_featured_media_url":"","jetpack_shortlink":"https:\/\/wp.me\/p5fEpk-26A","jetpack_sharing_enabled":true,"_links":{"self":[{"href":"https:\/\/www.fantasticaficcion.com\/index.php\/wp-json\/wp\/v2\/posts\/8096","targetHints":{"allow":["GET"]}}],"collection":[{"href":"https:\/\/www.fantasticaficcion.com\/index.php\/wp-json\/wp\/v2\/posts"}],"about":[{"href":"https:\/\/www.fantasticaficcion.com\/index.php\/wp-json\/wp\/v2\/types\/post"}],"author":[{"embeddable":true,"href":"https:\/\/www.fantasticaficcion.com\/index.php\/wp-json\/wp\/v2\/users\/1"}],"replies":[{"embeddable":true,"href":"https:\/\/www.fantasticaficcion.com\/index.php\/wp-json\/wp\/v2\/comments?post=8096"}],"version-history":[{"count":2,"href":"https:\/\/www.fantasticaficcion.com\/index.php\/wp-json\/wp\/v2\/posts\/8096\/revisions"}],"predecessor-version":[{"id":8109,"href":"https:\/\/www.fantasticaficcion.com\/index.php\/wp-json\/wp\/v2\/posts\/8096\/revisions\/8109"}],"wp:attachment":[{"href":"https:\/\/www.fantasticaficcion.com\/index.php\/wp-json\/wp\/v2\/media?parent=8096"}],"wp:term":[{"taxonomy":"category","embeddable":true,"href":"https:\/\/www.fantasticaficcion.com\/index.php\/wp-json\/wp\/v2\/categories?post=8096"},{"taxonomy":"post_tag","embeddable":true,"href":"https:\/\/www.fantasticaficcion.com\/index.php\/wp-json\/wp\/v2\/tags?post=8096"}],"curies":[{"name":"wp","href":"https:\/\/api.w.org\/{rel}","templated":true}]}}