{"id":800,"date":"2013-05-17T06:29:00","date_gmt":"2013-05-17T06:29:00","guid":{"rendered":"http:\/\/www.fantasticaficcion.com\/?p=800"},"modified":"2013-05-17T06:29:00","modified_gmt":"2013-05-17T06:29:00","slug":"prix-imaginales","status":"publish","type":"post","link":"https:\/\/www.fantasticaficcion.com\/index.php\/prix-imaginales\/","title":{"rendered":"Prix Imaginales"},"content":{"rendered":"<p style=\"text-align: justify;\"><a href=\"https:\/\/www.fantasticaficcion.com\/wp-content\/uploads\/2013\/05\/logo.png\"><img loading=\"lazy\" decoding=\"async\" class=\"aligncenter size-full wp-image-801\" alt=\"logo\" src=\"https:\/\/www.fantasticaficcion.com\/wp-content\/uploads\/2013\/05\/logo.png\" width=\"580\" height=\"105\" srcset=\"https:\/\/www.fantasticaficcion.com\/wp-content\/uploads\/2013\/05\/logo.png 580w, https:\/\/www.fantasticaficcion.com\/wp-content\/uploads\/2013\/05\/logo-300x54.png 300w, https:\/\/www.fantasticaficcion.com\/wp-content\/uploads\/2013\/05\/logo-500x90.png 500w\" sizes=\"auto, (max-width: 580px) 100vw, 580px\" \/><\/a>Han sido anunciados los ganadores de los Prix Imaginales, consagrados a la fantas\u00eda en Francia.<\/p>\n<p><strong>Novela en franc\u00e9s<\/strong><br \/>\nGabriel KATZ, <strong>Le Puits des m\u00e9moires<\/strong> (Scrin\u00e9o)<\/p>\n<p><strong>Novela extranjera<\/strong><br \/>\nBrandon SANDERSON, <strong>L\u2019Alliage de justice<\/strong> (Orbit)<\/p>\n<p><strong>Juvenil<\/strong><br \/>\nPatrick NESS, <strong>Quelques minutes apr\u00e8s minuit<\/strong> (Gallimard)<\/p>\n<p><strong>Relato corto<\/strong><br \/>\nSylvie MILLER et Philippe WARD, <strong>Un priv\u00e9 sur le Nil<\/strong>, recueil (Critic)<\/p>\n<p><strong>Ilustraci\u00f3n<\/strong><br \/>\nAmandine LABARRE, por la portada de <strong>Porcelaine<\/strong> d\u2019Estelle FAYE (Les Moutons \u00e9lectriques)<\/p>\n<p><strong>C\u00f3mic<\/strong><br \/>\nWilfried LUPANO &amp; Jean-Baptiste ANDREAE, <strong>Les Aventuriers du temps perdu<\/strong> (Vents d\u2019Ouest)<\/p>\n<p style=\"text-align: justify;\"><strong>Premio Especial del Jurado<\/strong><br \/>\n<strong>Editions Aux forges de Vulcain<\/strong>, por la primera traducci\u00f3n al franc\u00e9s de las novelas de\u00a0 William MORRIS\u00a0: <em>Le Lac aux \u00eeles enchant\u00e9es<\/em>, <em>La Route vers l\u2019amour<\/em> (<em>Le Puits au bout du monde<\/em>, 1)<\/p>\n<p style=\"text-align: justify;\">\u00a1Enhorabuena a los ganadores!<\/p>\n","protected":false},"excerpt":{"rendered":"<p>Han sido anunciados los ganadores de los Prix Imaginales, consagrados a la fantas\u00eda en Francia. Novela en franc\u00e9s Gabriel KATZ, Le Puits des m\u00e9moires (Scrin\u00e9o) Novela extranjera Brandon SANDERSON, L\u2019Alliage de justice (Orbit) Juvenil Patrick NESS, Quelques minutes apr\u00e8s minuit (Gallimard) Relato corto Sylvie MILLER et Philippe WARD, Un priv\u00e9 sur le Nil, recueil (Critic) &hellip; <\/p>\n<p class=\"link-more\"><a href=\"https:\/\/www.fantasticaficcion.com\/index.php\/prix-imaginales\/\" class=\"more-link\">Continuar leyendo<span class=\"screen-reader-text\"> &#8220;Prix Imaginales&#8221;<\/span><\/a><\/p>\n","protected":false},"author":1,"featured_media":0,"comment_status":"open","ping_status":"open","sticky":false,"template":"","format":"standard","meta":{"jetpack_post_was_ever_published":false,"_jetpack_newsletter_access":"","_jetpack_dont_email_post_to_subs":false,"_jetpack_newsletter_tier_id":0,"_jetpack_memberships_contains_paywalled_content":false,"_jetpack_memberships_contains_paid_content":false,"footnotes":""},"categories":[5],"tags":[27,664,79,80],"class_list":["post-800","post","type-post","status-publish","format-standard","hentry","category-fantasia","tag-brandon-sanderson","tag-fantasia","tag-patrick-ness","tag-premios"],"jetpack_featured_media_url":"","jetpack_shortlink":"https:\/\/wp.me\/p5fEpk-cU","jetpack_sharing_enabled":true,"_links":{"self":[{"href":"https:\/\/www.fantasticaficcion.com\/index.php\/wp-json\/wp\/v2\/posts\/800","targetHints":{"allow":["GET"]}}],"collection":[{"href":"https:\/\/www.fantasticaficcion.com\/index.php\/wp-json\/wp\/v2\/posts"}],"about":[{"href":"https:\/\/www.fantasticaficcion.com\/index.php\/wp-json\/wp\/v2\/types\/post"}],"author":[{"embeddable":true,"href":"https:\/\/www.fantasticaficcion.com\/index.php\/wp-json\/wp\/v2\/users\/1"}],"replies":[{"embeddable":true,"href":"https:\/\/www.fantasticaficcion.com\/index.php\/wp-json\/wp\/v2\/comments?post=800"}],"version-history":[{"count":4,"href":"https:\/\/www.fantasticaficcion.com\/index.php\/wp-json\/wp\/v2\/posts\/800\/revisions"}],"predecessor-version":[{"id":806,"href":"https:\/\/www.fantasticaficcion.com\/index.php\/wp-json\/wp\/v2\/posts\/800\/revisions\/806"}],"wp:attachment":[{"href":"https:\/\/www.fantasticaficcion.com\/index.php\/wp-json\/wp\/v2\/media?parent=800"}],"wp:term":[{"taxonomy":"category","embeddable":true,"href":"https:\/\/www.fantasticaficcion.com\/index.php\/wp-json\/wp\/v2\/categories?post=800"},{"taxonomy":"post_tag","embeddable":true,"href":"https:\/\/www.fantasticaficcion.com\/index.php\/wp-json\/wp\/v2\/tags?post=800"}],"curies":[{"name":"wp","href":"https:\/\/api.w.org\/{rel}","templated":true}]}}