{"id":7784,"date":"2017-10-24T05:56:50","date_gmt":"2017-10-24T05:56:50","guid":{"rendered":"http:\/\/www.fantasticaficcion.com\/?p=7784"},"modified":"2017-10-24T05:57:01","modified_gmt":"2017-10-24T05:57:01","slug":"anunciados-los-autores-de-black-mirror-vol-i","status":"publish","type":"post","link":"https:\/\/www.fantasticaficcion.com\/index.php\/anunciados-los-autores-de-black-mirror-vol-i\/","title":{"rendered":"Anunciados los autores de Black Mirror Vol. I"},"content":{"rendered":"<p style=\"text-align: justify;\"><em><strong>Black Mirror<\/strong><\/em> es una serie que por derecho propio se ha hecho un hueco en el imaginario colectivo de los fans de ciencia ficci\u00f3n. Sus cap\u00edtulos podr\u00e1n gustar m\u00e1s o menos, pero siempre son muy comentados.<!--more--><\/p>\n<p style=\"text-align: justify;\">Era cuesti\u00f3n de tiempo que esta idea se exportara <a href=\"https:\/\/io9.gizmodo.com\/cory-doctorow-claire-north-and-sylvain-neuvel-will-se-1818622599\">al mundo literario<\/a> y ya sabemos qui\u00e9nes ser\u00e1n los autores encargados de escribir la primera tanda de historias. Y ojo, que no son unos cualquiera. Estamos hablando de Cory Doctorow, <a href=\"https:\/\/www.fantasticaficcion.com\/index.php\/the-first-fifteen-lives-of-harry-august\/\">Claire North\u00a0<\/a> y<a href=\"https:\/\/www.fantasticaficcion.com\/index.php\/entrevista-a-sylvain-neuvel\/\"> Sylvain Neuvel<\/a>.<\/p>\n<p style=\"text-align: justify;\">As\u00ed es como se ha anunciado:<\/p>\n<blockquote><p>All-new Black <em>Mirror<\/em> stories from exciting authors &#8211; that\u2019s a joyous prospect. And they\u2019re appearing in a high-tech new format known as a \u201cbook\u201d. Apparently you just have to glance at some sort of \u2018ink code\u2019 printed on paper and images and sounds magically appear in your head, enacting the story. Sounds far-fetched to me, but we\u2019ll see<\/p><\/blockquote>\n<p style=\"text-align: justify;\">La fecha prevista de publicaci\u00f3n es febrero de 2018.<\/p>\n","protected":false},"excerpt":{"rendered":"<p>Black Mirror es una serie que por derecho propio se ha hecho un hueco en el imaginario colectivo de los fans de ciencia ficci\u00f3n. Sus cap\u00edtulos podr\u00e1n gustar m\u00e1s o menos, pero siempre son muy comentados.<\/p>\n","protected":false},"author":1,"featured_media":0,"comment_status":"open","ping_status":"open","sticky":false,"template":"","format":"standard","meta":{"jetpack_post_was_ever_published":false,"_jetpack_newsletter_access":"","_jetpack_dont_email_post_to_subs":false,"_jetpack_newsletter_tier_id":0,"_jetpack_memberships_contains_paywalled_content":false,"_jetpack_memberships_contains_paid_content":false,"footnotes":""},"categories":[10],"tags":[491,628,115,190,665,772],"class_list":["post-7784","post","type-post","status-publish","format-standard","hentry","category-ciencia-ficcion-2","tag-adaptaciones","tag-claire-north","tag-cory-doctorow","tag-noticias","tag-relatos-cortos","tag-sylvain-neuvel"],"jetpack_featured_media_url":"","jetpack_shortlink":"https:\/\/wp.me\/p5fEpk-21y","jetpack_sharing_enabled":true,"_links":{"self":[{"href":"https:\/\/www.fantasticaficcion.com\/index.php\/wp-json\/wp\/v2\/posts\/7784","targetHints":{"allow":["GET"]}}],"collection":[{"href":"https:\/\/www.fantasticaficcion.com\/index.php\/wp-json\/wp\/v2\/posts"}],"about":[{"href":"https:\/\/www.fantasticaficcion.com\/index.php\/wp-json\/wp\/v2\/types\/post"}],"author":[{"embeddable":true,"href":"https:\/\/www.fantasticaficcion.com\/index.php\/wp-json\/wp\/v2\/users\/1"}],"replies":[{"embeddable":true,"href":"https:\/\/www.fantasticaficcion.com\/index.php\/wp-json\/wp\/v2\/comments?post=7784"}],"version-history":[{"count":2,"href":"https:\/\/www.fantasticaficcion.com\/index.php\/wp-json\/wp\/v2\/posts\/7784\/revisions"}],"predecessor-version":[{"id":7907,"href":"https:\/\/www.fantasticaficcion.com\/index.php\/wp-json\/wp\/v2\/posts\/7784\/revisions\/7907"}],"wp:attachment":[{"href":"https:\/\/www.fantasticaficcion.com\/index.php\/wp-json\/wp\/v2\/media?parent=7784"}],"wp:term":[{"taxonomy":"category","embeddable":true,"href":"https:\/\/www.fantasticaficcion.com\/index.php\/wp-json\/wp\/v2\/categories?post=7784"},{"taxonomy":"post_tag","embeddable":true,"href":"https:\/\/www.fantasticaficcion.com\/index.php\/wp-json\/wp\/v2\/tags?post=7784"}],"curies":[{"name":"wp","href":"https:\/\/api.w.org\/{rel}","templated":true}]}}