{"id":7630,"date":"2017-08-25T05:30:52","date_gmt":"2017-08-25T05:30:52","guid":{"rendered":"http:\/\/www.fantasticaficcion.com\/?p=7630"},"modified":"2017-08-09T08:04:07","modified_gmt":"2017-08-09T08:04:07","slug":"alastair-reynolds-publicara-una-secuela-de-the-prefect","status":"publish","type":"post","link":"https:\/\/www.fantasticaficcion.com\/index.php\/alastair-reynolds-publicara-una-secuela-de-the-prefect\/","title":{"rendered":"Alastair Reynolds publicar\u00e1 una secuela de The Prefect"},"content":{"rendered":"<p style=\"text-align: justify;\">Una nueva novela de Alastair Reynolds siempre es una buena noticia, y <a href=\"http:\/\/approachingpavonis.blogspot.com.es\/2017\/07\/elysium-fire-and-new-title-for-prefect.html\">gracias al aviso de @mertonio<\/a> hemos conseguido saber que el autor publicar\u00e1 una secuela de <em><strong>The Prefect<\/strong><\/em>. Esta novela, a mi entender, era una de las m\u00e1s flojas de Reynolds, aunque ten\u00eda sus puntos interesantes.<\/p>\n<p style=\"text-align: justify;\">La novela se llamar\u00e1 <em><strong>Elysium Fire<\/strong><\/em> y transcurre dos a\u00f1os despu\u00e9s de los sucesos acontecidos en <em><strong>The Prefect, <\/strong><\/em>aunque Reynolds la ha concebido como una obra de lectura independiente.<\/p>\n<p>Aqu\u00ed ten\u00e9is la portada:<\/p>\n<p style=\"text-align: justify;\"><a href=\"https:\/\/www.fantasticaficcion.com\/wp-content\/uploads\/2017\/07\/ELYSIUM-FIRE-HB.jpg\"><img loading=\"lazy\" decoding=\"async\" class=\"aligncenter size-full wp-image-7631\" src=\"https:\/\/www.fantasticaficcion.com\/wp-content\/uploads\/2017\/07\/ELYSIUM-FIRE-HB.jpg\" alt=\"\" width=\"1054\" height=\"1600\" srcset=\"https:\/\/www.fantasticaficcion.com\/wp-content\/uploads\/2017\/07\/ELYSIUM-FIRE-HB.jpg 1054w, https:\/\/www.fantasticaficcion.com\/wp-content\/uploads\/2017\/07\/ELYSIUM-FIRE-HB-198x300.jpg 198w, https:\/\/www.fantasticaficcion.com\/wp-content\/uploads\/2017\/07\/ELYSIUM-FIRE-HB-768x1166.jpg 768w, https:\/\/www.fantasticaficcion.com\/wp-content\/uploads\/2017\/07\/ELYSIUM-FIRE-HB-675x1024.jpg 675w\" sizes=\"auto, (max-width: 767px) 89vw, (max-width: 1000px) 54vw, (max-width: 1071px) 543px, 580px\" \/><\/a>Aprovechando este nuevo lanzamiento, Reynolds ha decidido retitular <em><strong>The Prefect<\/strong> <\/em>como <em><strong>Aurora Rising, <\/strong><\/em>pero solo cambia el nombre no el contenido.<\/p>\n<p style=\"text-align: justify;\">Aqu\u00ed ten\u00e9is la nueva portada tambi\u00e9n:<\/p>\n<p><a href=\"https:\/\/www.fantasticaficcion.com\/wp-content\/uploads\/2017\/07\/AURORA-RISING-MMP.jpg\"><img loading=\"lazy\" decoding=\"async\" class=\"aligncenter size-full wp-image-7632\" src=\"https:\/\/www.fantasticaficcion.com\/wp-content\/uploads\/2017\/07\/AURORA-RISING-MMP.jpg\" alt=\"\" width=\"1042\" height=\"1600\" srcset=\"https:\/\/www.fantasticaficcion.com\/wp-content\/uploads\/2017\/07\/AURORA-RISING-MMP.jpg 1042w, https:\/\/www.fantasticaficcion.com\/wp-content\/uploads\/2017\/07\/AURORA-RISING-MMP-195x300.jpg 195w, https:\/\/www.fantasticaficcion.com\/wp-content\/uploads\/2017\/07\/AURORA-RISING-MMP-768x1179.jpg 768w, https:\/\/www.fantasticaficcion.com\/wp-content\/uploads\/2017\/07\/AURORA-RISING-MMP-667x1024.jpg 667w\" sizes=\"auto, (max-width: 767px) 89vw, (max-width: 1000px) 54vw, (max-width: 1071px) 543px, 580px\" \/><\/a><\/p>\n","protected":false},"excerpt":{"rendered":"<p>Una nueva novela de Alastair Reynolds siempre es una buena noticia, y gracias al aviso de @mertonio hemos conseguido saber que el autor publicar\u00e1 una secuela de The Prefect. Esta novela, a mi entender, era una de las m\u00e1s flojas de Reynolds, aunque ten\u00eda sus puntos interesantes. La novela se llamar\u00e1 Elysium Fire y transcurre &hellip; <\/p>\n<p class=\"link-more\"><a href=\"https:\/\/www.fantasticaficcion.com\/index.php\/alastair-reynolds-publicara-una-secuela-de-the-prefect\/\" class=\"more-link\">Continuar leyendo<span class=\"screen-reader-text\"> &#8220;Alastair Reynolds publicar\u00e1 una secuela de The Prefect&#8221;<\/span><\/a><\/p>\n","protected":false},"author":1,"featured_media":0,"comment_status":"open","ping_status":"open","sticky":false,"template":"","format":"standard","meta":{"jetpack_post_was_ever_published":false,"_jetpack_newsletter_access":"","_jetpack_dont_email_post_to_subs":false,"_jetpack_newsletter_tier_id":0,"_jetpack_memberships_contains_paywalled_content":false,"_jetpack_memberships_contains_paid_content":false,"footnotes":""},"categories":[10],"tags":[46,4,190,96],"class_list":["post-7630","post","type-post","status-publish","format-standard","hentry","category-ciencia-ficcion-2","tag-alastair-reynolds","tag-ciencia-ficcion","tag-noticias","tag-portadas"],"jetpack_featured_media_url":"","jetpack_shortlink":"https:\/\/wp.me\/p5fEpk-1Z4","jetpack_sharing_enabled":true,"_links":{"self":[{"href":"https:\/\/www.fantasticaficcion.com\/index.php\/wp-json\/wp\/v2\/posts\/7630","targetHints":{"allow":["GET"]}}],"collection":[{"href":"https:\/\/www.fantasticaficcion.com\/index.php\/wp-json\/wp\/v2\/posts"}],"about":[{"href":"https:\/\/www.fantasticaficcion.com\/index.php\/wp-json\/wp\/v2\/types\/post"}],"author":[{"embeddable":true,"href":"https:\/\/www.fantasticaficcion.com\/index.php\/wp-json\/wp\/v2\/users\/1"}],"replies":[{"embeddable":true,"href":"https:\/\/www.fantasticaficcion.com\/index.php\/wp-json\/wp\/v2\/comments?post=7630"}],"version-history":[{"count":1,"href":"https:\/\/www.fantasticaficcion.com\/index.php\/wp-json\/wp\/v2\/posts\/7630\/revisions"}],"predecessor-version":[{"id":7633,"href":"https:\/\/www.fantasticaficcion.com\/index.php\/wp-json\/wp\/v2\/posts\/7630\/revisions\/7633"}],"wp:attachment":[{"href":"https:\/\/www.fantasticaficcion.com\/index.php\/wp-json\/wp\/v2\/media?parent=7630"}],"wp:term":[{"taxonomy":"category","embeddable":true,"href":"https:\/\/www.fantasticaficcion.com\/index.php\/wp-json\/wp\/v2\/categories?post=7630"},{"taxonomy":"post_tag","embeddable":true,"href":"https:\/\/www.fantasticaficcion.com\/index.php\/wp-json\/wp\/v2\/tags?post=7630"}],"curies":[{"name":"wp","href":"https:\/\/api.w.org\/{rel}","templated":true}]}}