{"id":7548,"date":"2017-07-17T05:31:02","date_gmt":"2017-07-17T05:31:02","guid":{"rendered":"http:\/\/www.fantasticaficcion.com\/?p=7548"},"modified":"2017-07-17T05:31:02","modified_gmt":"2017-07-17T05:31:02","slug":"la-hora-de-los-desterrados","status":"publish","type":"post","link":"https:\/\/www.fantasticaficcion.com\/index.php\/la-hora-de-los-desterrados\/","title":{"rendered":"La Hora de los Desterrados"},"content":{"rendered":"<p style=\"text-align: justify;\"><a href=\"https:\/\/www.fantasticaficcion.com\/wp-content\/uploads\/2017\/07\/desterrados.jpg\"><img loading=\"lazy\" decoding=\"async\" class=\"alignright wp-image-7549 size-medium\" src=\"https:\/\/www.fantasticaficcion.com\/wp-content\/uploads\/2017\/07\/desterrados-206x300.jpg\" alt=\"\" width=\"206\" height=\"300\" srcset=\"https:\/\/www.fantasticaficcion.com\/wp-content\/uploads\/2017\/07\/desterrados-206x300.jpg 206w, https:\/\/www.fantasticaficcion.com\/wp-content\/uploads\/2017\/07\/desterrados-768x1118.jpg 768w, https:\/\/www.fantasticaficcion.com\/wp-content\/uploads\/2017\/07\/desterrados-703x1024.jpg 703w, https:\/\/www.fantasticaficcion.com\/wp-content\/uploads\/2017\/07\/desterrados-624x909.jpg 624w, https:\/\/www.fantasticaficcion.com\/wp-content\/uploads\/2017\/07\/desterrados.jpg 1030w\" sizes=\"auto, (max-width: 206px) 100vw, 206px\" \/><\/a>Uno de tantos proyectos con los que empec\u00e9 el a\u00f1o era leer m\u00e1s producto nacional y aunque mi lista de lectura me indica que estoy fracasando estrepitosamente en este aspecto, no por ello voy a dejar de intentarlo.<\/p>\n<p style=\"text-align: justify;\"><em><strong>La Hora de los Desterrados <\/strong><\/em>es el segundo libro de Pablo Bueno, nominado a los Ignotus por su primera obra <a href=\"https:\/\/www.fantasticaficcion.com\/index.php\/la-piedad-del-primero\/\"><em><strong>La Piedad del Primero<\/strong><\/em><\/a> que ya rese\u00f1amos aqu\u00ed. La novela es continuaci\u00f3n de la anterior y me temo que adolece mucho del s\u00edndrome del segundo libro.<\/p>\n<p style=\"text-align: justify;\">El planteamiento de la novela es claramente una <em>road-movie, <\/em>con constantes viajes a lo largo y ancho del mundo. En este sentido se agradece la presencia de un mapa para seguir las andanzas de Marc y sus acompa\u00f1antes. Por tanto, te tiene que gustar este tipo de lectura, que realmente no es de mis favoritas. Me gustar\u00eda pensar que cada desplazamiento tiene un significado claro, pero algunas veces me parece que la compa\u00f1\u00eda va dando tumbos en busca del siguiente momento de inter\u00e9s.<\/p>\n<p style=\"text-align: justify;\">Por contra, la prosa de Pablo ha evolucionado bastante. No s\u00e9 si se podr\u00eda describir como un castellano antiguo adaptado a los tiempos modernos o como un castellano moderno arcaizado, pero recorre esta fina l\u00ednea de una manera firme y segura. Se adapta a la narraci\u00f3n y en ning\u00fan momento chirr\u00eda. Un gran logro.<\/p>\n<p style=\"text-align: justify;\">La presencia de la magia es m\u00e1s patente en esta segunda entrega, y aunque algunas soluciones se las saca de la anch\u00edsima manga del deus ex machina (o lupus ex machina o pater ex machina o ins\u00e9rtese aqu\u00ed lo que toque ex machina), dentro de lo que cabe est\u00e1n entroncadas con la historia que ya conocemos. Me hubiera gustado que la narraci\u00f3n fuera m\u00e1s consecuente con la presencia de la Voluntad, ya que sigue siendo un recurso infrautilizado.<\/p>\n<p style=\"text-align: justify;\">Tambi\u00e9n me hubiera gustado que le hubiera metido algo m\u00e1s de tijera al libro. Creo sinceramente que un poco de labor editorial hubiera adelgazado <em><strong>La Hora de los Desterrados<br \/>\n<\/strong><\/em>y as\u00ed, se hubiera librado de algunos de estos pasajes de la Gu\u00eda Michel\u00edn que aportan poco a la novela.<\/p>\n<p style=\"text-align: justify;\">Otros aspectos positivos son el desarrollo de los personajes, a los que Pablo va dotando de m\u00e1s profundidad y trasfondo. Veremos c\u00f3mo se desarrollan las relaciones interpersonales y c\u00f3mo elementos del pasado vienen a influir en lo que pasar\u00e1 en el futuro. Esta continuidad incrementa mi inter\u00e9s por la siguiente entrega.<\/p>\n<p>Ciertamente, la novela tiene fallos, pero no por ello puedo dejar de recomendarla. Pablo, \u00bfpara cu\u00e1ndo el siguiente?<\/p>\n","protected":false},"excerpt":{"rendered":"<p>Uno de tantos proyectos con los que empec\u00e9 el a\u00f1o era leer m\u00e1s producto nacional y aunque mi lista de lectura me indica que estoy fracasando estrepitosamente en este aspecto, no por ello voy a dejar de intentarlo. La Hora de los Desterrados es el segundo libro de Pablo Bueno, nominado a los Ignotus por &hellip; <\/p>\n<p class=\"link-more\"><a href=\"https:\/\/www.fantasticaficcion.com\/index.php\/la-hora-de-los-desterrados\/\" class=\"more-link\">Continuar leyendo<span class=\"screen-reader-text\"> &#8220;La Hora de los Desterrados&#8221;<\/span><\/a><\/p>\n","protected":false},"author":1,"featured_media":0,"comment_status":"open","ping_status":"open","sticky":false,"template":"","format":"standard","meta":{"jetpack_post_was_ever_published":false,"_jetpack_newsletter_access":"","_jetpack_dont_email_post_to_subs":false,"_jetpack_newsletter_tier_id":0,"_jetpack_memberships_contains_paywalled_content":false,"_jetpack_memberships_contains_paid_content":false,"footnotes":""},"categories":[5],"tags":[664,14,734,8],"class_list":["post-7548","post","type-post","status-publish","format-standard","hentry","category-fantasia","tag-fantasia","tag-libros-en-espanol","tag-pablo-bueno","tag-resenas"],"jetpack_featured_media_url":"","jetpack_shortlink":"https:\/\/wp.me\/p5fEpk-1XK","jetpack_sharing_enabled":true,"_links":{"self":[{"href":"https:\/\/www.fantasticaficcion.com\/index.php\/wp-json\/wp\/v2\/posts\/7548","targetHints":{"allow":["GET"]}}],"collection":[{"href":"https:\/\/www.fantasticaficcion.com\/index.php\/wp-json\/wp\/v2\/posts"}],"about":[{"href":"https:\/\/www.fantasticaficcion.com\/index.php\/wp-json\/wp\/v2\/types\/post"}],"author":[{"embeddable":true,"href":"https:\/\/www.fantasticaficcion.com\/index.php\/wp-json\/wp\/v2\/users\/1"}],"replies":[{"embeddable":true,"href":"https:\/\/www.fantasticaficcion.com\/index.php\/wp-json\/wp\/v2\/comments?post=7548"}],"version-history":[{"count":3,"href":"https:\/\/www.fantasticaficcion.com\/index.php\/wp-json\/wp\/v2\/posts\/7548\/revisions"}],"predecessor-version":[{"id":7552,"href":"https:\/\/www.fantasticaficcion.com\/index.php\/wp-json\/wp\/v2\/posts\/7548\/revisions\/7552"}],"wp:attachment":[{"href":"https:\/\/www.fantasticaficcion.com\/index.php\/wp-json\/wp\/v2\/media?parent=7548"}],"wp:term":[{"taxonomy":"category","embeddable":true,"href":"https:\/\/www.fantasticaficcion.com\/index.php\/wp-json\/wp\/v2\/categories?post=7548"},{"taxonomy":"post_tag","embeddable":true,"href":"https:\/\/www.fantasticaficcion.com\/index.php\/wp-json\/wp\/v2\/tags?post=7548"}],"curies":[{"name":"wp","href":"https:\/\/api.w.org\/{rel}","templated":true}]}}