{"id":7451,"date":"2017-06-22T05:30:28","date_gmt":"2017-06-22T05:30:28","guid":{"rendered":"http:\/\/www.fantasticaficcion.com\/?p=7451"},"modified":"2017-06-21T05:46:48","modified_gmt":"2017-06-21T05:46:48","slug":"el-dia-mas-largo-del-futuro","status":"publish","type":"post","link":"https:\/\/www.fantasticaficcion.com\/index.php\/el-dia-mas-largo-del-futuro\/","title":{"rendered":"El D\u00eda M\u00e1s Largo del Futuro"},"content":{"rendered":"<p style=\"text-align: justify;\"><a href=\"https:\/\/www.fantasticaficcion.com\/wp-content\/uploads\/2017\/06\/dialargofuturo.jpg\"><img loading=\"lazy\" decoding=\"async\" class=\"alignright size-full wp-image-7473\" src=\"https:\/\/www.fantasticaficcion.com\/wp-content\/uploads\/2017\/06\/dialargofuturo.jpg\" alt=\"\" width=\"283\" height=\"178\" \/><\/a>No s\u00e9 qu\u00e9 me llev\u00f3 a hacerme con un ejemplar de <em><strong>El D\u00eda M\u00e1s Largo del Futuro<\/strong><\/em>, de Lucas Valera. Obviamente su ambientaci\u00f3n futurista llamaba a gritos a la aficionada a la ciencia ficci\u00f3n que soy, pero no ten\u00eda referencias sobre el autor y el dibujo, deudor de la l\u00ednea clara, quiz\u00e1 era excesivamente esquem\u00e1tico en una primera aproximaci\u00f3n visual.<\/p>\n<p style=\"text-align: justify;\">No obstante, me parec\u00eda una apuesta muy valiente narrar una historia dist\u00f3pica sin di\u00e1logos, solo con la expresividad del dibujo. Quiz\u00e1 fue este el empuj\u00f3n que me faltaba para comprar el tebeo, que tambi\u00e9n se puede considerar un homenaje al cine mudo.<\/p>\n<p style=\"text-align: justify;\">El dibujo es esquem\u00e1tico y enga\u00f1osamente simple, acompa\u00f1ado por una coloraci\u00f3n plana de colores mate. Supongo que esta decisi\u00f3n hace incluso m\u00e1s meritoria la historia que el autor es capaz de desarrollar con estas herramientas. Con estos simples trazos, Varela consigue desarrollar una historia dist\u00f3pica, de alienaci\u00f3n de masas, de enfrentamiento provocado por la oligarqu\u00eda e incluso un relato de primer contacto. Y todo esto sin una sola l\u00ednea de di\u00e1logo. Realmente espectacular.<\/p>\n<p style=\"text-align: justify;\">El principal objetivo del autor es una cr\u00edtica mordaz e hiriente a la sociedad de consumo, algo que consigue con muy pocas vi\u00f1etas. Pero no contento con esto, tambi\u00e9n nos ofrece una esperanza, representada por una simple postal de <strong>Bienvenidos al para\u00edso<\/strong>, que se convierte en el bote salvavidas de uno de los personajes de la historia. No sabemos sus nombres, nunca los sabremos, pero conocemos sus intenciones y sus motivaciones.<\/p>\n<p style=\"text-align: justify;\">Es casi imposible comentar nada m\u00e1s sin entrar en el terreno del <em>spoiler. <\/em>Baste con mencionar la violencia que se genera en esta sociedad perversamente dual, con enfrentamiento entre dos facciones que son dos caras de la misma moneda. <em><br \/>\n<\/em><\/p>\n<p>Un tebeo que merece la pena &#8220;leer&#8221;.<\/p>\n","protected":false},"excerpt":{"rendered":"<p>No s\u00e9 qu\u00e9 me llev\u00f3 a hacerme con un ejemplar de El D\u00eda M\u00e1s Largo del Futuro, de Lucas Valera. Obviamente su ambientaci\u00f3n futurista llamaba a gritos a la aficionada a la ciencia ficci\u00f3n que soy, pero no ten\u00eda referencias sobre el autor y el dibujo, deudor de la l\u00ednea clara, quiz\u00e1 era excesivamente esquem\u00e1tico &hellip; <\/p>\n<p class=\"link-more\"><a href=\"https:\/\/www.fantasticaficcion.com\/index.php\/el-dia-mas-largo-del-futuro\/\" class=\"more-link\">Continuar leyendo<span class=\"screen-reader-text\"> &#8220;El D\u00eda M\u00e1s Largo del Futuro&#8221;<\/span><\/a><\/p>\n","protected":false},"author":1,"featured_media":0,"comment_status":"open","ping_status":"open","sticky":false,"template":"","format":"standard","meta":{"jetpack_post_was_ever_published":false,"_jetpack_newsletter_access":"","_jetpack_dont_email_post_to_subs":false,"_jetpack_newsletter_tier_id":0,"_jetpack_memberships_contains_paywalled_content":false,"_jetpack_memberships_contains_paid_content":false,"footnotes":""},"categories":[10,62],"tags":[4,668,1040,8],"class_list":["post-7451","post","type-post","status-publish","format-standard","hentry","category-ciencia-ficcion-2","category-comic","tag-ciencia-ficcion","tag-comic","tag-lucas-varela","tag-resenas"],"jetpack_featured_media_url":"","jetpack_shortlink":"https:\/\/wp.me\/p5fEpk-1Wb","jetpack_sharing_enabled":true,"_links":{"self":[{"href":"https:\/\/www.fantasticaficcion.com\/index.php\/wp-json\/wp\/v2\/posts\/7451","targetHints":{"allow":["GET"]}}],"collection":[{"href":"https:\/\/www.fantasticaficcion.com\/index.php\/wp-json\/wp\/v2\/posts"}],"about":[{"href":"https:\/\/www.fantasticaficcion.com\/index.php\/wp-json\/wp\/v2\/types\/post"}],"author":[{"embeddable":true,"href":"https:\/\/www.fantasticaficcion.com\/index.php\/wp-json\/wp\/v2\/users\/1"}],"replies":[{"embeddable":true,"href":"https:\/\/www.fantasticaficcion.com\/index.php\/wp-json\/wp\/v2\/comments?post=7451"}],"version-history":[{"count":5,"href":"https:\/\/www.fantasticaficcion.com\/index.php\/wp-json\/wp\/v2\/posts\/7451\/revisions"}],"predecessor-version":[{"id":7475,"href":"https:\/\/www.fantasticaficcion.com\/index.php\/wp-json\/wp\/v2\/posts\/7451\/revisions\/7475"}],"wp:attachment":[{"href":"https:\/\/www.fantasticaficcion.com\/index.php\/wp-json\/wp\/v2\/media?parent=7451"}],"wp:term":[{"taxonomy":"category","embeddable":true,"href":"https:\/\/www.fantasticaficcion.com\/index.php\/wp-json\/wp\/v2\/categories?post=7451"},{"taxonomy":"post_tag","embeddable":true,"href":"https:\/\/www.fantasticaficcion.com\/index.php\/wp-json\/wp\/v2\/tags?post=7451"}],"curies":[{"name":"wp","href":"https:\/\/api.w.org\/{rel}","templated":true}]}}