{"id":7162,"date":"2017-04-20T05:46:38","date_gmt":"2017-04-20T05:46:38","guid":{"rendered":"http:\/\/www.fantasticaficcion.com\/?p=7162"},"modified":"2017-04-20T05:46:38","modified_gmt":"2017-04-20T05:46:38","slug":"ether-la-muerte-de-la-ultima-llama-dorada","status":"publish","type":"post","link":"https:\/\/www.fantasticaficcion.com\/index.php\/ether-la-muerte-de-la-ultima-llama-dorada\/","title":{"rendered":"Ether. La Muerte de la \u00daltima Llama Dorada"},"content":{"rendered":"<p style=\"text-align: justify;\"><em><strong><a href=\"https:\/\/www.fantasticaficcion.com\/wp-content\/uploads\/2017\/04\/ether1.jpg\"><img loading=\"lazy\" decoding=\"async\" class=\"size-medium wp-image-7169 alignright\" src=\"https:\/\/www.fantasticaficcion.com\/wp-content\/uploads\/2017\/04\/ether1-211x300.jpg\" alt=\"\" width=\"211\" height=\"300\" srcset=\"https:\/\/www.fantasticaficcion.com\/wp-content\/uploads\/2017\/04\/ether1-211x300.jpg 211w, https:\/\/www.fantasticaficcion.com\/wp-content\/uploads\/2017\/04\/ether1-720x1024.jpg 720w, https:\/\/www.fantasticaficcion.com\/wp-content\/uploads\/2017\/04\/ether1-624x888.jpg 624w, https:\/\/www.fantasticaficcion.com\/wp-content\/uploads\/2017\/04\/ether1.jpg 736w\" sizes=\"auto, (max-width: 211px) 100vw, 211px\" \/><\/a>Ether<\/strong><\/em> ha sido una de mis pocas adquisiciones en el Sal\u00f3n del C\u00f3mic de Barcelona, pero he de reconocer que estoy muy contenta con haberla comprado.<\/p>\n<p style=\"text-align: justify;\">La colaboraci\u00f3n entre David Rub\u00edn y Matt Kindt da lugar a un tebeo vibrante y muy animado, aunque no sea excesivamente original en su concepci\u00f3n. \u00bfEs fantas\u00eda, es ciencia ficci\u00f3n? Hay que leerlo para formarse una opini\u00f3n.<\/p>\n<p style=\"text-align: justify;\">El protagonista es Boone, un explorador interdimensional obsesionado con aplicar el m\u00e9todo cient\u00edfico a sus investigaciones de otro mundo, el famoso Ether. Como todo buen multiverso, hay aspectos que nos recuerdan a la Tierra y otros que le son completamente ajenos. En este aspecto, Kindt da rienda suelta a su imaginaci\u00f3n, y ante nosotros veremos un desfile de seres extra\u00f1os pero no por ello menos atrayentes. Es inevitable que vengan a la memoria otros exploradores (en este caso, espacio-temporales) como Valerian y Laureline, pero creo que Kindt consigue separarse de esta y otras ideas, aunque parta del mismo punto. Pero el escenario, aunque atrayente, no es lo m\u00e1s importante de la historia. Todo gira alrededor de la investigaci\u00f3n de un asesinato, aplicando el m\u00e9todo cient\u00edfico en un mundo m\u00e1gico.<\/p>\n<p style=\"text-align: justify;\">La paleta de colores utilizada en la parte gr\u00e1fica para crear el necesario contraste entre la Tierra y Ether es acertada. Mientras que en el mundo alternativo todo son colores muy vivos, en la Tierra predomina la escala de grises. Tambi\u00e9n es importante el hecho de que el tiempo no transcurre de forma similar en ambos mundos, lo que da lugar a desfases que son importantes para la narraci\u00f3n. Esto, unido a cierta cantidad de <em>flashbacks, <\/em>ofrece una historia dilatada en el tiempo y, por tanto, compleja.<\/p>\n<p style=\"text-align: justify;\">Me encanta el trabajo desarrollado por David Rub\u00edn, con una est\u00e9tica desenfadada por momentos que recuerda a los a\u00f1os mozos de H\u00e9rcules en <em><strong><a href=\"https:\/\/www.fantasticaficcion.com\/index.php\/el-heroe-i\/\">El H\u00e9roe, <\/a><\/strong><\/em>pero en la que se nota una evoluci\u00f3n. Me parece muy acertada la inclusi\u00f3n de <em>blueprints <\/em>(por llamarlo de alguna manera) de algunos de los inventos o seres que aparecer\u00e1n a lo largo de la historia.<\/p>\n<p style=\"text-align: justify;\">A modo de curiosidad, en las notas finales se incluyen distintos bocetos conceptuales sobre los que Rub\u00edn trabaj\u00f3 el apartado gr\u00e1fico, siempre teniendo en cuenta que Matt Kindt tambi\u00e9n es dibujante. Es apasionante tener acceso directo al proceso creativo de una obra de esta envergadura, me encantan sus comentarios sobre la simplificaci\u00f3n de la imagen para no tener que estar dibujando detalles en cada momento, sobre todo teniendo en cuenta lo completas que resultan las escenas y los personajes. La capacidad de s\u00edntesis gr\u00e1fica del autor es espectacular.<\/p>\n<p style=\"text-align: justify;\">\u00bfSe nota mucho que estoy deseando adquirir el siguiente tomo?<\/p>\n<p style=\"text-align: justify;\">Esta obra ha sido traducida por Santiago Garc\u00eda.<\/p>\n","protected":false},"excerpt":{"rendered":"<p>Ether ha sido una de mis pocas adquisiciones en el Sal\u00f3n del C\u00f3mic de Barcelona, pero he de reconocer que estoy muy contenta con haberla comprado. La colaboraci\u00f3n entre David Rub\u00edn y Matt Kindt da lugar a un tebeo vibrante y muy animado, aunque no sea excesivamente original en su concepci\u00f3n. \u00bfEs fantas\u00eda, es ciencia &hellip; <\/p>\n<p class=\"link-more\"><a href=\"https:\/\/www.fantasticaficcion.com\/index.php\/ether-la-muerte-de-la-ultima-llama-dorada\/\" class=\"more-link\">Continuar leyendo<span class=\"screen-reader-text\"> &#8220;Ether. La Muerte de la \u00daltima Llama Dorada&#8221;<\/span><\/a><\/p>\n","protected":false},"author":1,"featured_media":0,"comment_status":"open","ping_status":"open","sticky":false,"template":"","format":"standard","meta":{"jetpack_post_was_ever_published":false,"_jetpack_newsletter_access":"","_jetpack_dont_email_post_to_subs":false,"_jetpack_newsletter_tier_id":0,"_jetpack_memberships_contains_paywalled_content":false,"_jetpack_memberships_contains_paid_content":false,"footnotes":""},"categories":[830,62],"tags":[668,63,1026,8],"class_list":["post-7162","post","type-post","status-publish","format-standard","hentry","category-artistas","category-comic","tag-comic","tag-david-rubin","tag-matt-kindt","tag-resenas"],"jetpack_featured_media_url":"","jetpack_shortlink":"https:\/\/wp.me\/p5fEpk-1Rw","jetpack_sharing_enabled":true,"_links":{"self":[{"href":"https:\/\/www.fantasticaficcion.com\/index.php\/wp-json\/wp\/v2\/posts\/7162","targetHints":{"allow":["GET"]}}],"collection":[{"href":"https:\/\/www.fantasticaficcion.com\/index.php\/wp-json\/wp\/v2\/posts"}],"about":[{"href":"https:\/\/www.fantasticaficcion.com\/index.php\/wp-json\/wp\/v2\/types\/post"}],"author":[{"embeddable":true,"href":"https:\/\/www.fantasticaficcion.com\/index.php\/wp-json\/wp\/v2\/users\/1"}],"replies":[{"embeddable":true,"href":"https:\/\/www.fantasticaficcion.com\/index.php\/wp-json\/wp\/v2\/comments?post=7162"}],"version-history":[{"count":5,"href":"https:\/\/www.fantasticaficcion.com\/index.php\/wp-json\/wp\/v2\/posts\/7162\/revisions"}],"predecessor-version":[{"id":7213,"href":"https:\/\/www.fantasticaficcion.com\/index.php\/wp-json\/wp\/v2\/posts\/7162\/revisions\/7213"}],"wp:attachment":[{"href":"https:\/\/www.fantasticaficcion.com\/index.php\/wp-json\/wp\/v2\/media?parent=7162"}],"wp:term":[{"taxonomy":"category","embeddable":true,"href":"https:\/\/www.fantasticaficcion.com\/index.php\/wp-json\/wp\/v2\/categories?post=7162"},{"taxonomy":"post_tag","embeddable":true,"href":"https:\/\/www.fantasticaficcion.com\/index.php\/wp-json\/wp\/v2\/tags?post=7162"}],"curies":[{"name":"wp","href":"https:\/\/api.w.org\/{rel}","templated":true}]}}