{"id":7104,"date":"2017-04-05T05:43:57","date_gmt":"2017-04-05T05:43:57","guid":{"rendered":"http:\/\/www.fantasticaficcion.com\/?p=7104"},"modified":"2017-04-05T05:43:57","modified_gmt":"2017-04-05T05:43:57","slug":"desvelada-la-portada-de-oathbringer","status":"publish","type":"post","link":"https:\/\/www.fantasticaficcion.com\/index.php\/desvelada-la-portada-de-oathbringer\/","title":{"rendered":"Desvelada la portada de Oathbringer"},"content":{"rendered":"<p style=\"text-align: justify;\">En <a href=\"http:\/\/www.tor.com\/2017\/03\/16\/revealing-the-cover-to-oathbringer-the-third-book-in-brandon-sandersons-stormlight-archive\/\">Tor.com <\/a>han publicado la que ser\u00e1 portada de <em><strong>Oathbringer<\/strong><\/em>, la tercera entrega de la \u00e9pica saga <strong>Stormlight<\/strong> de Brandon Sanderson, que saldr\u00e1 a la venta en noviembre de este a\u00f1o.<\/p>\n<p style=\"text-align: justify;\"><a href=\"https:\/\/www.fantasticaficcion.com\/wp-content\/uploads\/2017\/03\/oathbringer_cover-final.jpg\"><img loading=\"lazy\" decoding=\"async\" class=\"aligncenter size-full wp-image-7105\" src=\"https:\/\/www.fantasticaficcion.com\/wp-content\/uploads\/2017\/03\/oathbringer_cover-final.jpg\" alt=\"\" width=\"640\" height=\"973\" srcset=\"https:\/\/www.fantasticaficcion.com\/wp-content\/uploads\/2017\/03\/oathbringer_cover-final.jpg 640w, https:\/\/www.fantasticaficcion.com\/wp-content\/uploads\/2017\/03\/oathbringer_cover-final-197x300.jpg 197w, https:\/\/www.fantasticaficcion.com\/wp-content\/uploads\/2017\/03\/oathbringer_cover-final-624x949.jpg 624w\" sizes=\"auto, (max-width: 640px) 100vw, 640px\" \/><\/a>\u00bfQu\u00e9 os parece? Es a\u00fan m\u00e1s espectacular la imagen completa.<\/p>\n<p style=\"text-align: justify;\"><a href=\"https:\/\/www.fantasticaficcion.com\/wp-content\/uploads\/2017\/03\/oathbringer_cover-full_art_final.jpg\"><img loading=\"lazy\" decoding=\"async\" class=\"aligncenter size-full wp-image-7106\" src=\"https:\/\/www.fantasticaficcion.com\/wp-content\/uploads\/2017\/03\/oathbringer_cover-full_art_final.jpg\" alt=\"\" width=\"740\" height=\"494\" srcset=\"https:\/\/www.fantasticaficcion.com\/wp-content\/uploads\/2017\/03\/oathbringer_cover-full_art_final.jpg 740w, https:\/\/www.fantasticaficcion.com\/wp-content\/uploads\/2017\/03\/oathbringer_cover-full_art_final-300x200.jpg 300w, https:\/\/www.fantasticaficcion.com\/wp-content\/uploads\/2017\/03\/oathbringer_cover-full_art_final-624x417.jpg 624w\" sizes=\"auto, (max-width: 706px) 89vw, (max-width: 767px) 82vw, 740px\" \/><\/a><\/p>\n","protected":false},"excerpt":{"rendered":"<p>En Tor.com han publicado la que ser\u00e1 portada de Oathbringer, la tercera entrega de la \u00e9pica saga Stormlight de Brandon Sanderson, que saldr\u00e1 a la venta en noviembre de este a\u00f1o. \u00bfQu\u00e9 os parece? Es a\u00fan m\u00e1s espectacular la imagen completa.<\/p>\n","protected":false},"author":1,"featured_media":0,"comment_status":"open","ping_status":"open","sticky":false,"template":"","format":"standard","meta":{"jetpack_post_was_ever_published":false,"_jetpack_newsletter_access":"","_jetpack_dont_email_post_to_subs":false,"_jetpack_newsletter_tier_id":0,"_jetpack_memberships_contains_paywalled_content":false,"_jetpack_memberships_contains_paid_content":false,"footnotes":""},"categories":[830,826],"tags":[27,190,96],"class_list":["post-7104","post","type-post","status-publish","format-standard","hentry","category-artistas","category-noticia","tag-brandon-sanderson","tag-noticias","tag-portadas"],"jetpack_featured_media_url":"","jetpack_shortlink":"https:\/\/wp.me\/p5fEpk-1QA","jetpack_sharing_enabled":true,"_links":{"self":[{"href":"https:\/\/www.fantasticaficcion.com\/index.php\/wp-json\/wp\/v2\/posts\/7104","targetHints":{"allow":["GET"]}}],"collection":[{"href":"https:\/\/www.fantasticaficcion.com\/index.php\/wp-json\/wp\/v2\/posts"}],"about":[{"href":"https:\/\/www.fantasticaficcion.com\/index.php\/wp-json\/wp\/v2\/types\/post"}],"author":[{"embeddable":true,"href":"https:\/\/www.fantasticaficcion.com\/index.php\/wp-json\/wp\/v2\/users\/1"}],"replies":[{"embeddable":true,"href":"https:\/\/www.fantasticaficcion.com\/index.php\/wp-json\/wp\/v2\/comments?post=7104"}],"version-history":[{"count":1,"href":"https:\/\/www.fantasticaficcion.com\/index.php\/wp-json\/wp\/v2\/posts\/7104\/revisions"}],"predecessor-version":[{"id":7107,"href":"https:\/\/www.fantasticaficcion.com\/index.php\/wp-json\/wp\/v2\/posts\/7104\/revisions\/7107"}],"wp:attachment":[{"href":"https:\/\/www.fantasticaficcion.com\/index.php\/wp-json\/wp\/v2\/media?parent=7104"}],"wp:term":[{"taxonomy":"category","embeddable":true,"href":"https:\/\/www.fantasticaficcion.com\/index.php\/wp-json\/wp\/v2\/categories?post=7104"},{"taxonomy":"post_tag","embeddable":true,"href":"https:\/\/www.fantasticaficcion.com\/index.php\/wp-json\/wp\/v2\/tags?post=7104"}],"curies":[{"name":"wp","href":"https:\/\/api.w.org\/{rel}","templated":true}]}}