{"id":7021,"date":"2017-03-07T06:30:35","date_gmt":"2017-03-07T06:30:35","guid":{"rendered":"http:\/\/www.fantasticaficcion.com\/?p=7021"},"modified":"2017-03-01T08:16:57","modified_gmt":"2017-03-01T08:16:57","slug":"portada-de-the-citadel-of-weeping-pearls","status":"publish","type":"post","link":"https:\/\/www.fantasticaficcion.com\/index.php\/portada-de-the-citadel-of-weeping-pearls\/","title":{"rendered":"Portada de The Citadel of Weeping Pearls"},"content":{"rendered":"<p style=\"text-align: justify;\"><a href=\"https:\/\/www.fantasticaficcion.com\/index.php\/entrevista-a-aliette-de-bodard\/\">Aliette de Bodard<\/a> desvel\u00f3\u00a0la semana pasada en exclusiva para sus suscriptores cu\u00e1l ser\u00e1 la portada de <strong><em><a href=\"http:\/\/aliettedebodard.com\/bibliography\/novels\/the-citadel-of-weeping-pearls\/\">The Citadel of Weeping Pearls<\/a>,<\/em><\/strong> su historia incluida entre las <a href=\"https:\/\/www.fantasticaficcion.com\/index.php\/the-years-best-science-fiction-fantasy-novellas-2016\/\">mejores <em>novellas<\/em> del a\u00f1o pasado<\/a>.<\/p>\n<p style=\"text-align: justify;\">La portada me parece preciosa, \u00bfc\u00f3mo la veis vosotros?<\/p>\n<p style=\"text-align: justify;\"><a href=\"https:\/\/www.fantasticaficcion.com\/wp-content\/uploads\/2017\/03\/citadelback.jpg\"><img loading=\"lazy\" decoding=\"async\" class=\"aligncenter size-full wp-image-7022\" src=\"https:\/\/www.fantasticaficcion.com\/wp-content\/uploads\/2017\/03\/citadelback.jpg\" alt=\"\" width=\"1000\" height=\"774\" srcset=\"https:\/\/www.fantasticaficcion.com\/wp-content\/uploads\/2017\/03\/citadelback.jpg 1000w, https:\/\/www.fantasticaficcion.com\/wp-content\/uploads\/2017\/03\/citadelback-300x232.jpg 300w, https:\/\/www.fantasticaficcion.com\/wp-content\/uploads\/2017\/03\/citadelback-768x594.jpg 768w, https:\/\/www.fantasticaficcion.com\/wp-content\/uploads\/2017\/03\/citadelback-624x483.jpg 624w\" sizes=\"auto, (max-width: 767px) 89vw, (max-width: 1000px) 54vw, (max-width: 1071px) 543px, 580px\" \/><\/a> <a href=\"https:\/\/www.fantasticaficcion.com\/wp-content\/uploads\/2017\/03\/citadel.jpg\"><img loading=\"lazy\" decoding=\"async\" class=\"alignright size-full wp-image-7023\" src=\"https:\/\/www.fantasticaficcion.com\/wp-content\/uploads\/2017\/03\/citadel.jpg\" alt=\"\" width=\"1000\" height=\"1600\" srcset=\"https:\/\/www.fantasticaficcion.com\/wp-content\/uploads\/2017\/03\/citadel.jpg 1000w, https:\/\/www.fantasticaficcion.com\/wp-content\/uploads\/2017\/03\/citadel-188x300.jpg 188w, https:\/\/www.fantasticaficcion.com\/wp-content\/uploads\/2017\/03\/citadel-768x1229.jpg 768w, https:\/\/www.fantasticaficcion.com\/wp-content\/uploads\/2017\/03\/citadel-640x1024.jpg 640w, https:\/\/www.fantasticaficcion.com\/wp-content\/uploads\/2017\/03\/citadel-624x998.jpg 624w\" sizes=\"auto, (max-width: 767px) 89vw, (max-width: 1000px) 54vw, (max-width: 1071px) 543px, 580px\" \/><\/a><\/p>\n<p style=\"text-align: justify;\">\n","protected":false},"excerpt":{"rendered":"<p>Aliette de Bodard desvel\u00f3\u00a0la semana pasada en exclusiva para sus suscriptores cu\u00e1l ser\u00e1 la portada de The Citadel of Weeping Pearls, su historia incluida entre las mejores novellas del a\u00f1o pasado. La portada me parece preciosa, \u00bfc\u00f3mo la veis vosotros?<\/p>\n","protected":false},"author":1,"featured_media":0,"comment_status":"open","ping_status":"open","sticky":false,"template":"","format":"standard","meta":{"jetpack_post_was_ever_published":false,"_jetpack_newsletter_access":"","_jetpack_dont_email_post_to_subs":false,"_jetpack_newsletter_tier_id":0,"_jetpack_memberships_contains_paywalled_content":false,"_jetpack_memberships_contains_paid_content":false,"footnotes":""},"categories":[10],"tags":[48,190,96],"class_list":["post-7021","post","type-post","status-publish","format-standard","hentry","category-ciencia-ficcion-2","tag-aliette-de-bodard","tag-noticias","tag-portadas"],"jetpack_featured_media_url":"","jetpack_shortlink":"https:\/\/wp.me\/p5fEpk-1Pf","jetpack_sharing_enabled":true,"_links":{"self":[{"href":"https:\/\/www.fantasticaficcion.com\/index.php\/wp-json\/wp\/v2\/posts\/7021","targetHints":{"allow":["GET"]}}],"collection":[{"href":"https:\/\/www.fantasticaficcion.com\/index.php\/wp-json\/wp\/v2\/posts"}],"about":[{"href":"https:\/\/www.fantasticaficcion.com\/index.php\/wp-json\/wp\/v2\/types\/post"}],"author":[{"embeddable":true,"href":"https:\/\/www.fantasticaficcion.com\/index.php\/wp-json\/wp\/v2\/users\/1"}],"replies":[{"embeddable":true,"href":"https:\/\/www.fantasticaficcion.com\/index.php\/wp-json\/wp\/v2\/comments?post=7021"}],"version-history":[{"count":2,"href":"https:\/\/www.fantasticaficcion.com\/index.php\/wp-json\/wp\/v2\/posts\/7021\/revisions"}],"predecessor-version":[{"id":7025,"href":"https:\/\/www.fantasticaficcion.com\/index.php\/wp-json\/wp\/v2\/posts\/7021\/revisions\/7025"}],"wp:attachment":[{"href":"https:\/\/www.fantasticaficcion.com\/index.php\/wp-json\/wp\/v2\/media?parent=7021"}],"wp:term":[{"taxonomy":"category","embeddable":true,"href":"https:\/\/www.fantasticaficcion.com\/index.php\/wp-json\/wp\/v2\/categories?post=7021"},{"taxonomy":"post_tag","embeddable":true,"href":"https:\/\/www.fantasticaficcion.com\/index.php\/wp-json\/wp\/v2\/tags?post=7021"}],"curies":[{"name":"wp","href":"https:\/\/api.w.org\/{rel}","templated":true}]}}