{"id":6905,"date":"2014-07-26T07:00:03","date_gmt":"2014-07-26T05:00:03","guid":{"rendered":"http:\/\/elfantascopio.com\/?p=693"},"modified":"2017-02-21T23:03:17","modified_gmt":"2017-02-21T23:03:17","slug":"el-fin-de-los-suenos-de-gabriella-campbell-y-jose-antonio-cotrina","status":"publish","type":"post","link":"https:\/\/www.fantasticaficcion.com\/index.php\/el-fin-de-los-suenos-de-gabriella-campbell-y-jose-antonio-cotrina\/","title":{"rendered":"El fin de los sue\u00f1os, de Gabriella Campbell y Jos\u00e9 Antonio Cotrina"},"content":{"rendered":"<div style=\"color: #000000;\">\n<p style=\"text-align: justify;\"><a href=\"http:\/\/4.bp.blogspot.com\/-DqHFg7lmiPw\/UynhE0qFKAI\/AAAAAAAAGH0\/JAZ0YGv7zO0\/s1600\/unademagiaporfavor-libro-literatura-juvenil-fantasia-abril-2014-plataformaneo-el-fin-de-los-suenos-gabriella-campbell-jose-antonio-cotrina-portada.jpg\"><img loading=\"lazy\" decoding=\"async\" class=\"alignright\" src=\"https:\/\/images-blogger-opensocial.googleusercontent.com\/gadgets\/proxy?url=http%3A%2F%2F4.bp.blogspot.com%2F-DqHFg7lmiPw%2FUynhE0qFKAI%2FAAAAAAAAGH0%2FJAZ0YGv7zO0%2Fs1600%2Funademagiaporfavor-libro-literatura-juvenil-fantasia-abril-2014-plataformaneo-el-fin-de-los-suenos-gabriella-campbell-jose-antonio-cotrina-portada.jpg&amp;container=blogger&amp;gadget=a&amp;rewriteMime=image%2F*\" alt=\"\" width=\"215\" height=\"320\" border=\"0\" data-orig-src=\"http:\/\/4.bp.blogspot.com\/-DqHFg7lmiPw\/UynhE0qFKAI\/AAAAAAAAGH0\/JAZ0YGv7zO0\/s1600\/unademagiaporfavor-libro-literatura-juvenil-fantasia-abril-2014-plataformaneo-el-fin-de-los-suenos-gabriella-campbell-jose-antonio-cotrina-portada.jpg\" \/><\/a><b>Banda sonora de la rese\u00f1a<\/b>: Sugiero leer esta rese\u00f1a escuchando\u00a0<i style=\"font-weight: bold;\">Dream A Little Dream Of Me<\/i>\u00a0en la versi\u00f3n de\u00a0<i>Blind Guardian<\/i>\u00a0(<a href=\"http:\/\/open.spotify.com\/track\/2LdQTZzEgEMs3ySouKvVwR\">Spotify<\/a>,\u00a0<a href=\"https:\/\/www.youtube.com\/watch?v=cjFUXPSEGAw\">Youtube<\/a>).<i style=\"font-weight: bold;\">\u00a0<\/i><\/p>\n<\/div>\n<div style=\"color: #000000; text-align: justify;\">\n<p>No cabe duda de que la literatura fant\u00e1stica juvenil est\u00e1 viviendo un momento dorado en cuanto a cantidad y calidad y, sobre todo, en cuanto a \u00e9xito comercial (supongo que no hace falta ni nombrar bombazos como\u00a0<b>Harry Potter<\/b>\u00a0o\u00a0<b>Los Juegos del Hambre<\/b>). Aunque la mayor parte de los t\u00edtulos proceden de fuera de nuestras fronteras, donde incluso autores como\u00a0<i>Brandon Sanderson, China Mi\u00e9ville<\/i>,\u00a0<i>Peter F. Hamilton<\/i>\u00a0o\u00a0<i>Paolo Bacigalupi<\/i>\u00a0han hecho sus pinitos en el g\u00e9nero, en nuestro pa\u00eds tambi\u00e9n contamos con magn\u00edficos ejemplos de este tipo de libros.\u00a0<i style=\"font-weight: bold;\">El fin de los sue\u00f1os<\/i>, novela recientemente publicada por\u00a0<i>Gabriella Campbell<\/i>\u00a0y\u00a0<i>Jos\u00e9 Antonio Cotrina<\/i>, es una muy buena muestra de ello.<\/p>\n<\/div>\n<p><!--more--><\/p>\n<div style=\"color: #000000;\">\n<p style=\"text-align: justify;\">Lo primero que llama la atenci\u00f3n del libro es que mezcla muy adecuadamente varios g\u00e9neros (ciencia ficci\u00f3n, fantas\u00eda y hasta un poquito de terror) sin renunciar a adoptar tambi\u00e9n algunos de los elementos t\u00edpicos de la literatura para j\u00f3venes. Por un lado, tenemos una sociedad afectada por una reciente guerra y una tecnolog\u00eda que permite programar un sue\u00f1o casi como el que se hace una app para el iPhone (un elemento muy original, por cierto). Por otro, en el mundo on\u00edrico, como no pod\u00eda ser de otra forma, la realidad es maleable y se dan cita todo tipo de seres fant\u00e1sticos. Y de pesadilla, claro.<\/p>\n<p style=\"text-align: justify;\">En cuanto a los elementos que identifican a esta novela como juvenil, nos encontramos con la t\u00edpica pandilla de j\u00f3venes protagonistas aunque, por suerte, no con el casi obligatorio romance (o, al menos, no de una forma central y, desde luego, no de una forma convencional, pero no quiero decir m\u00e1s para no estropear uno de los momentos m\u00e1s brillantes de la historia). Adem\u00e1s,\u00a0<i>Campbell<\/i>\u00a0y\u00a0<i>Cotrina<\/i>\u00a0no se cortan a la hora de tratar temas &#8220;adultos&#8221; como el suicidio, la corrupci\u00f3n, las violaciones&#8230; No encontrar\u00e9is aqu\u00ed sentimientos edulcorados, por mucho que las mariposas sean una constante en sus p\u00e1ginas.<\/p>\n<p style=\"text-align: justify;\">La trama y el ritmo son, quiz\u00e1, los aspectos en los que m\u00e1s se nota que la novela va dirigida a un p\u00fablico m\u00e1s joven. En ese sentido me es imposible evitar la comparaci\u00f3n con\u00a0<i style=\"font-weight: bold;\"><a href=\"http:\/\/sentidodelamaravilla.blogspot.com.es\/2013\/07\/la-cancion-secreta-del-mundo-de-jose.html\">La canci\u00f3n secreta del mundo<\/a><\/i>, porque\u00a0<i style=\"font-weight: bold;\">El fin de los sue\u00f1os<\/i>\u00a0tiene un desarrollo m\u00e1s lineal, quiz\u00e1 algo m\u00e1s previsible (aunque con alg\u00fan peque\u00f1o giro inesperado) y, desde luego, m\u00e1s sencillo de seguir. Podr\u00edamos decir que esta novela es, en cierta forma, m\u00e1s comedida. A cambio, es una historia que atrapa desde las primeras p\u00e1ginas y que se lee con suma facilidad. El ritmo, adem\u00e1s, va\u00a0<i>in crescendo<\/i>, con un tercio final realmente vibrante y un final muy satisfactorio.<\/p>\n<p style=\"text-align: justify;\">El punto m\u00e1s destacado del libro, como ya me esperaba, es su desbordante imaginaci\u00f3n, que se desata especialmente en las escenas que transcurren en el mundo del sue\u00f1o. Seres imposibles, monstruos de pesadilla, paisajes maravillosos&#8230; Todo eso y mucho m\u00e1s espera al lector cuando los personajes de la novela comienzan a so\u00f1ar. Cap\u00edtulos como\u00a0<i style=\"font-weight: bold;\">Batalla a las puertas del infierno\u00a0<\/i>o\u00a0<i style=\"font-weight: bold;\">El duelo<\/i>, en los que tenemos la suerte de conocer el mundo on\u00edrico en toda su plenitud, son realmente espectaculares y hacen, por s\u00ed solos, que la lectura de\u00a0<i style=\"font-weight: bold;\">El fin de los sue\u00f1os<\/i>\u00a0merezca totalmente la pena.<\/p>\n<p style=\"text-align: justify;\">Precisamente por ello, la parte que transcurre en la realidad queda ligeramente descompensada, a mi entender. Este es quiz\u00e1 el \u00fanico fallo de la novela, aunque no es especialmente importante. Simplemente, lo que acontece en los sue\u00f1os es tan interesante (y de tal trascendencia para el desarrollo de la trama) y el mundo es tan fascinante que el resto de cap\u00edtulos palidecen en comparaci\u00f3n.<\/p>\n<p style=\"text-align: justify;\">No quisiera terminar esta rese\u00f1a sin dedicar unos peque\u00f1os apuntes a la edici\u00f3n de\u00a0<b>Plataforma Neo<\/b>,\u00a0<span style=\"text-decoration: line-through;\">uno ligeramente negativo y<\/span>\u00a0dos muy positivos.\u00a0<span style=\"text-decoration: line-through;\">El negativo es que he contado m\u00e1s de una docena de veces la aparici\u00f3n de un &#8220;como&#8221; que deber\u00eda haber sido un &#8220;c\u00f3mo&#8221;, un detalle que desmerece un poco la, por otro lado, muy buena presentaci\u00f3n de la novela (espero que esto se pueda revisar y corregir para el ebook y para futuras ediciones del libro).<\/span>(Como me han aclarado por varios medios, se trata de casos en los que &#8220;como&#8221; puede ir no acentuado. Reconozco mi ignorancia sobre el particular y pido disculpas por ello).\u00a0Los positivos son dos detalles que me han llamado muy gratamente la atenci\u00f3n. Por un lado, la editorial anuncia al final del libro que planta un \u00e1rbol por cada t\u00edtulo publicado. Por otro, en la contraportada se menciona que\u00a0<b>Plataforma Neo<\/b>\u00a0cede el 0,7% de las ventas a ONGs. Me quito el sombrero ante estas dos estupendas iniciativas. \u00a1Bravo!<\/p>\n<p style=\"text-align: justify;\">Para finalizar, no me queda m\u00e1s que recomendar\u00a0<i style=\"font-weight: bold;\">El fin de los sue\u00f1os<\/i>, por su imaginaci\u00f3n, por su ritmo y por su fantas\u00eda, a todos los lectores, j\u00f3venes o no. Espero que \u00e9ste no sea el fin sino el principio de los maravillosos sue\u00f1os que\u00a0<i>Campbell<\/i>\u00a0y\u00a0<i>Cotrina\u00a0<\/i>tienen a\u00fan por ofrecernos.<\/p>\n<p style=\"text-align: justify;\"><strong>Nota<\/strong>: Esta rese\u00f1a, procedente de\u00a0<a href=\"http:\/\/sentidodelamaravilla.blogspot.com\/2014\/04\/el-fin-de-los-suenos-de-gabriella.html\"><strong>Sense of Wonder<\/strong><\/a>, forma parte del\u00a0<a href=\"http:\/\/elfantascopio.com\/?p=680\"><strong>Especial Celsius 232<\/strong><\/a>.<\/p>\n<\/div>\n<p>&nbsp;<\/p>\n","protected":false},"excerpt":{"rendered":"<p>Banda sonora de la rese\u00f1a: Sugiero leer esta rese\u00f1a escuchando\u00a0Dream A Little Dream Of Me\u00a0en la versi\u00f3n de\u00a0Blind Guardian\u00a0(Spotify,\u00a0Youtube).\u00a0 No cabe duda de que la literatura fant\u00e1stica juvenil est\u00e1 viviendo un momento dorado en cuanto a cantidad y calidad y, sobre todo, en cuanto a \u00e9xito comercial (supongo que no hace falta ni nombrar bombazos &hellip; <\/p>\n<p class=\"link-more\"><a href=\"https:\/\/www.fantasticaficcion.com\/index.php\/el-fin-de-los-suenos-de-gabriella-campbell-y-jose-antonio-cotrina\/\" class=\"more-link\">Continuar leyendo<span class=\"screen-reader-text\"> &#8220;El fin de los sue\u00f1os, de Gabriella Campbell y Jos\u00e9 Antonio Cotrina&#8221;<\/span><\/a><\/p>\n","protected":false},"author":3,"featured_media":0,"comment_status":"open","ping_status":"open","sticky":false,"template":"","format":"standard","meta":{"jetpack_post_was_ever_published":false,"_jetpack_newsletter_access":"","_jetpack_dont_email_post_to_subs":true,"_jetpack_newsletter_tier_id":0,"_jetpack_memberships_contains_paywalled_content":false,"_jetpack_memberships_contains_paid_content":false,"footnotes":""},"categories":[823,824,829,1],"tags":[900,1018,664,890,697,1000],"class_list":["post-6905","post","type-post","status-publish","format-standard","hentry","category-espanol","category-fantascopio","category-resena","category-sin-categoria","tag-celsius-232","tag-fantascopio","tag-fantasia","tag-gabriella-campbell","tag-jose-antonio-cotrina","tag-ya"],"jetpack_featured_media_url":"","jetpack_shortlink":"https:\/\/wp.me\/p5fEpk-1Nn","jetpack_sharing_enabled":true,"_links":{"self":[{"href":"https:\/\/www.fantasticaficcion.com\/index.php\/wp-json\/wp\/v2\/posts\/6905","targetHints":{"allow":["GET"]}}],"collection":[{"href":"https:\/\/www.fantasticaficcion.com\/index.php\/wp-json\/wp\/v2\/posts"}],"about":[{"href":"https:\/\/www.fantasticaficcion.com\/index.php\/wp-json\/wp\/v2\/types\/post"}],"author":[{"embeddable":true,"href":"https:\/\/www.fantasticaficcion.com\/index.php\/wp-json\/wp\/v2\/users\/3"}],"replies":[{"embeddable":true,"href":"https:\/\/www.fantasticaficcion.com\/index.php\/wp-json\/wp\/v2\/comments?post=6905"}],"version-history":[{"count":1,"href":"https:\/\/www.fantasticaficcion.com\/index.php\/wp-json\/wp\/v2\/posts\/6905\/revisions"}],"predecessor-version":[{"id":6925,"href":"https:\/\/www.fantasticaficcion.com\/index.php\/wp-json\/wp\/v2\/posts\/6905\/revisions\/6925"}],"wp:attachment":[{"href":"https:\/\/www.fantasticaficcion.com\/index.php\/wp-json\/wp\/v2\/media?parent=6905"}],"wp:term":[{"taxonomy":"category","embeddable":true,"href":"https:\/\/www.fantasticaficcion.com\/index.php\/wp-json\/wp\/v2\/categories?post=6905"},{"taxonomy":"post_tag","embeddable":true,"href":"https:\/\/www.fantasticaficcion.com\/index.php\/wp-json\/wp\/v2\/tags?post=6905"}],"curies":[{"name":"wp","href":"https:\/\/api.w.org\/{rel}","templated":true}]}}