{"id":6899,"date":"2014-07-18T09:00:22","date_gmt":"2014-07-18T07:00:22","guid":{"rendered":"http:\/\/elfantascopio.com\/?p=735"},"modified":"2017-02-21T23:03:15","modified_gmt":"2017-02-21T23:03:15","slug":"esta-noche-ardera-el-cielo-de-emilio-bueso-resena","status":"publish","type":"post","link":"https:\/\/www.fantasticaficcion.com\/index.php\/esta-noche-ardera-el-cielo-de-emilio-bueso-resena\/","title":{"rendered":"Esta noche arder\u00e1 el cielo de Emilio Bueso"},"content":{"rendered":"<p style=\"text-align: justify;\"><a href=\"http:\/\/elfantascopio.com\/wp-content\/uploads\/2014\/07\/esta_noche_ardera_el_cielo.jpg\"><img loading=\"lazy\" decoding=\"async\" class=\"aligncenter size-full wp-image-737\" src=\"http:\/\/elfantascopio.com\/wp-content\/uploads\/2014\/07\/esta_noche_ardera_el_cielo.jpg\" alt=\"esta_noche_ardera_el_cielo\" width=\"500\" height=\"759\" \/><\/a><\/p>\n<p style=\"text-align: justify;\">Hay algo que queda claro tras leer tres novelas de Emilio Bueso, \u00e9l sabe de que quiere hablar en la novela y como lo va a hacer. En este caso quiz\u00e1 ha sido el ejemplo m\u00e1s obvio, hay una frase que se repite a lo largo de la historia:\u00a0<em>\u201cEl mundo en un pu\u00f1o, y en el pu\u00f1o, el acelerador\u201d.<\/em><\/p>\n<p style=\"text-align: justify;\">Acelerando es como empieza la novela, con el gas a fondo, sumergi\u00e9ndonos en el contexto de la historia, envolviendo el entorno del norte canadiense. La Trans-Taiga, esa dilatada y desolada carretera que cruza un lugar totalmente despoblado, se resiente ante el rugir de los motores de dos\u00a0<em>custom<\/em>. Emilio Bueso vuelve a hacerlo, nos suelta en medio de la nada, en medio de un espacio di\u00e1fano, extenso y austero. Otro de esos lugares temibles que el planeta Tierra guarda para nosotros.<!--more--><\/p>\n<p style=\"text-align: justify;\"><em>Esta noche arder\u00e1 el cielo<\/em>\u00a0tiene un planteamiento muy interesante, mezclando ideas ya ofrecidas por el autor en Di\u00e1stole y Cenital (ambas ganadores de los premios Celsius 2012 y 2013 respectivamente). Tenemos a un gran protagonista, Mac, pero aun as\u00ed la considero una obra coral, dotada de muchos puntos de vista que nos facilitaran una visi\u00f3n global de la obra, adem\u00e1s de darnos muchos detalles y situaciones claustrof\u00f3bicas.<\/p>\n<p style=\"text-align: justify;\">Los personajes, si en algo es sobresaliente Bueso, es en crear personalidades. Creo que su especialidad son los inusuales: artistas yonkies, esposas que no soportan una familia,\u00a0<em>heavyatas<\/em>agoraf\u00f3bicos, hippies homosexuales\u2026 Todo un elenco variopinta que puebla su novela yla dota de diversidad y seg\u00fan mi opini\u00f3n, realismo. Todo tenemos a pensar que somos de lo m\u00e1s normal, que nuestro vecino es normal y que nuestros amigos son normales, hasta que descubrimos que nos da p\u00e1nico hablar con una chica, que nuestro vecino ha matado a su familia y se ha suicidado y que nuestros amigos son ped\u00f3filos (hipot\u00e9ticamente hablando, por supuesto). Las novelas de Bueso son en este sentido, una lecci\u00f3n moral. Todos somos inadaptados intentando adaptarnos a la corriente de la sociedad que nos atrapa y nos arrastra. Sus personajes han descarrilado de esa corriente. Algunos intentan volver, otros aceptan su irremediable destino. Por lo tanto no solo Mac y Perla (la coprotagonista de esta novela) si no todos los personajes muestran cicatrices internas, tan grandes y profundas como la propia Trans-Taiga.<\/p>\n<p style=\"text-align: justify;\">Ambos personajes arrancan motores y se disponen a recorrer esa carretera, esa gran cicatriz, para intentar olvidar las suyas propias, para huir de ellas. Emilio Bueso no se lo permite y los introduce en un viaje a lo m\u00e1s profundo de si mismos, a una introspecci\u00f3n de forma brutal, sin miramientos. A golpes.<\/p>\n<p style=\"text-align: justify;\">Una de las cosas que m\u00e1s he disfrutado en la novela es el tono. A veces he sentido escalofr\u00edos, ese toque de horror que el autor confiere a toda la atmosfera, de lo desconocido y bestial. En ese ambiente se desarrollan escenas duras, de humor, lecciones de vida, violencia y en cierto modo, un humor muy negro. El estilo de Bueso lo logra de nuevo y atrapa al lector en una vor\u00e1gine de sucesos que te dejan con la boca abierta de par en par y las yemas de los dedos peladas de pasar p\u00e1ginas a toda velocidad. Porque ese es otro aliciente de leer a Emilio Bueso, lo r\u00e1pido que se leen sus historias.<\/p>\n<p style=\"text-align: justify;\">Algo que no me ha gustado, y aunque es meramente est\u00e9tico, es la portada. Y no solo que esa escena tal cual no ocurre, si no que me parece poco trabajada y que no resume la esencia del libro. As\u00ed como la portada de Di\u00e1stole lo hace a la perfecci\u00f3n, con esta no han acertado.<\/p>\n<p style=\"text-align: justify;\"><img loading=\"lazy\" decoding=\"async\" class=\"aligncenter size-full wp-image-736\" src=\"http:\/\/elfantascopio.com\/wp-content\/uploads\/2014\/07\/bueso00.jpg\" alt=\"bueso00\" width=\"720\" height=\"400\" \/><\/p>\n<p style=\"text-align: justify;\">Como apreciaci\u00f3n personal las novelas de Emilio Bueso tienen un efecto efervescente en m\u00ed. Mientras la leo y a la posterior lectura, me siento euf\u00f3rico, lleno de emociones en ebullici\u00f3n y muy excitado. Las escenas, las situaciones, los personajes, todo es tan potente, tan bullicioso que en esos momentos quedas atrapado. Pero en mi caso, al pasar un tiempo, esa ebullici\u00f3n se enfr\u00eda, y la huella que ha dejado es bastante ef\u00edmera. Esto es algo totalmente personal y no estoy diciendo que la novela sea mala ni mucho menos, de hecho es al contrario. Recuerdo, como la lectura encendi\u00f3 mis emociones y pienso que son unas sensaciones que no puedo recordar. Hay que releer la novela para revivirlas. Como un chute de lectura.<\/p>\n<p style=\"text-align: justify;\">Como darle gas a la moto.<\/p>\n<p style=\"text-align: justify;\"><em>\u201cEl mundo en un pu\u00f1o, y en el pu\u00f1o, el acelerador\u201d.<\/em><\/p>\n<p style=\"text-align: justify;\"><strong>Nota<\/strong>: Rese\u00f1a publicada originalmente en <a href=\"http:\/\/dondeterminaelinfinito.blogspot.com.es\/2013\/10\/esta-noche-ardera-el-cielo-emilio-bueso.html\">Donde Acaba el Infinito<\/a><\/p>\n","protected":false},"excerpt":{"rendered":"<p>Hay algo que queda claro tras leer tres novelas de Emilio Bueso, \u00e9l sabe de que quiere hablar en la novela y como lo va a hacer. En este caso quiz\u00e1 ha sido el ejemplo m\u00e1s obvio, hay una frase que se repite a lo largo de la historia:\u00a0\u201cEl mundo en un pu\u00f1o, y en &hellip; <\/p>\n<p class=\"link-more\"><a href=\"https:\/\/www.fantasticaficcion.com\/index.php\/esta-noche-ardera-el-cielo-de-emilio-bueso-resena\/\" class=\"more-link\">Continuar leyendo<span class=\"screen-reader-text\"> &#8220;Esta noche arder\u00e1 el cielo de Emilio Bueso&#8221;<\/span><\/a><\/p>\n","protected":false},"author":9,"featured_media":0,"comment_status":"open","ping_status":"open","sticky":false,"template":"","format":"standard","meta":{"jetpack_post_was_ever_published":false,"_jetpack_newsletter_access":"","_jetpack_dont_email_post_to_subs":true,"_jetpack_newsletter_tier_id":0,"_jetpack_memberships_contains_paywalled_content":false,"_jetpack_memberships_contains_paid_content":false,"footnotes":""},"categories":[999,824,829,1],"tags":[1003,440,1008,1018],"class_list":["post-6899","post","type-post","status-publish","format-standard","hentry","category-especial","category-fantascopio","category-resena","category-sin-categoria","tag-celsius232","tag-emilio-bueso","tag-especial","tag-fantascopio"],"jetpack_featured_media_url":"","jetpack_shortlink":"https:\/\/wp.me\/p5fEpk-1Nh","jetpack_sharing_enabled":true,"_links":{"self":[{"href":"https:\/\/www.fantasticaficcion.com\/index.php\/wp-json\/wp\/v2\/posts\/6899","targetHints":{"allow":["GET"]}}],"collection":[{"href":"https:\/\/www.fantasticaficcion.com\/index.php\/wp-json\/wp\/v2\/posts"}],"about":[{"href":"https:\/\/www.fantasticaficcion.com\/index.php\/wp-json\/wp\/v2\/types\/post"}],"author":[{"embeddable":true,"href":"https:\/\/www.fantasticaficcion.com\/index.php\/wp-json\/wp\/v2\/users\/9"}],"replies":[{"embeddable":true,"href":"https:\/\/www.fantasticaficcion.com\/index.php\/wp-json\/wp\/v2\/comments?post=6899"}],"version-history":[{"count":1,"href":"https:\/\/www.fantasticaficcion.com\/index.php\/wp-json\/wp\/v2\/posts\/6899\/revisions"}],"predecessor-version":[{"id":6941,"href":"https:\/\/www.fantasticaficcion.com\/index.php\/wp-json\/wp\/v2\/posts\/6899\/revisions\/6941"}],"wp:attachment":[{"href":"https:\/\/www.fantasticaficcion.com\/index.php\/wp-json\/wp\/v2\/media?parent=6899"}],"wp:term":[{"taxonomy":"category","embeddable":true,"href":"https:\/\/www.fantasticaficcion.com\/index.php\/wp-json\/wp\/v2\/categories?post=6899"},{"taxonomy":"post_tag","embeddable":true,"href":"https:\/\/www.fantasticaficcion.com\/index.php\/wp-json\/wp\/v2\/tags?post=6899"}],"curies":[{"name":"wp","href":"https:\/\/api.w.org\/{rel}","templated":true}]}}