{"id":6847,"date":"2014-04-28T07:00:02","date_gmt":"2014-04-28T05:00:02","guid":{"rendered":"http:\/\/elfantascopio.com\/?p=318"},"modified":"2017-02-21T23:03:15","modified_gmt":"2017-02-21T23:03:15","slug":"entrevista-con-gabriella-campbell","status":"publish","type":"post","link":"https:\/\/www.fantasticaficcion.com\/index.php\/entrevista-con-gabriella-campbell\/","title":{"rendered":"Entrevista con Gabriella Campbell"},"content":{"rendered":"<p style=\"text-align: justify;\"><a href=\"http:\/\/elfantascopio.com\/wp-content\/uploads\/2014\/04\/IMG_3932.jpg\"><img loading=\"lazy\" decoding=\"async\" class=\"alignright wp-image-322 size-medium\" src=\"http:\/\/elfantascopio.com\/wp-content\/uploads\/2014\/04\/IMG_3932-300x240.jpg\" alt=\"IMG_3932\" width=\"300\" height=\"240\" \/><\/a>Como parte del especial\u00a0<strong><a href=\"http:\/\/fantascopio.fantasticaficcion.com\/?p=26\">El G\u00e9nero &amp; El<\/a><a href=\"http:\/\/fantascopio.fantasticaficcion.com\/?p=26\">\u00a0G\u00e9nero<\/a><\/strong>,\u00a0tengo el placer de entrevistar a\u00a0<em>Gabriella Campbell<\/em>, que es, entre otras cosas, escritora, traductora, editora y correctora. Su m\u00e1s reciente novela, escrita en colaboraci\u00f3n con\u00a0<em>Jos\u00e9 Antonio Cotrina<\/em>, es la estupenda\u00a0<b><em>El fin de los sue\u00f1os<\/em><\/b>, que le\u00ed y rese\u00f1\u00e9 hace poco\u00a0<a href=\"http:\/\/sentidodelamaravilla.blogspot.com.es\/2014\/04\/el-fin-de-los-suenos-de-gabriella.html\">en Sense of Wonder<\/a>. \u00a1Espero que os guste mucho la entrevista!<\/p>\n<p style=\"text-align: justify;\"><strong>Odo<\/strong>:\u00a0<em>La primera pregunta es casi obligatoria: \u00bfc\u00f3mo surgi\u00f3 la idea de escribir &#8220;El fin de los sue\u00f1os&#8221; a cuatro manos?\u00a0<\/em><em>\u00bfC\u00f3mo organizasteis la escritura de la novela?<\/em><\/p>\n<p style=\"text-align: justify;\"><strong>Gabriella Campbell<\/strong>:\u00a0Jos\u00e9 Antonio ten\u00eda la idea de hacer algo que tuviese que ver con el mundo del sue\u00f1o. Yo ten\u00eda im\u00e1genes en mis textos que a \u00e9l le parecieron llamativas para un entorno on\u00edrico; cre\u00edamos que entre los dos podr\u00edamos hacer algo interesante. Y claro, yo soy fan suya desde hace mucho tiempo, as\u00ed que componer algo en conjunto era un privilegio que no pod\u00eda dejar pasar, aunque nunca me hab\u00eda atrevido con la prosa en distancias largas, m\u00e1s all\u00e1 de las t\u00edpicas novelas maltrechas guardadas en un caj\u00f3n.<\/p>\n<p><!--more--><\/p>\n<p style=\"text-align: justify;\">La escritura fue complicada por varias razones. La m\u00e1s importante era la agenda: era dif\u00edcil encontrar huecos en los que coincidi\u00e9ramos los dos con algo de tiempo libre, ambos est\u00e1bamos (y estamos) metidos en muchos proyectos distintos. La distancia era otra (yo vivo en la provincia de M\u00e1laga y \u00e9l en Vitoria). Nos vemos con frecuencia (una vez al mes o cada dos meses) y hemos echado horas incontables de Skype y de tel\u00e9fono con esto de la novela. El proceso de escritura en s\u00ed no fue tan dif\u00edcil; como hay dos perspectivas principales, la de Anna y la de Ismael, yo escrib\u00eda los cap\u00edtulos m\u00e1s relacionados con Anna y Jos\u00e9 Antonio se ocupaba de los de Ismael. Nos coordin\u00e1bamos de forma similar para los interludios. Y luego d\u00e1bamos mil correcciones y reescrituras para intentar igualar los estilos.<\/p>\n<p style=\"text-align: justify;\"><strong>Odo<\/strong>:\u00a0<em>Ahora que estamos en petit comit\u00e9 y no nos oye nadie, confiesa: \u00bfcu\u00e1ntos ni\u00f1os muertos puestos por Cotrina tuviste que eliminar de los borradores de la novela? \u00bfO era \u00e9l el que te borraba a ti las escenas sangrientas?<\/em><\/p>\n<p style=\"text-align: justify;\"><strong><a href=\"http:\/\/elfantascopio.com\/wp-content\/uploads\/2014\/04\/Cubierta_El_fin_de_los_sue\u00f1osdef-201x300.jpg\"><img loading=\"lazy\" decoding=\"async\" class=\"alignleft wp-image-319 size-full\" src=\"http:\/\/elfantascopio.com\/wp-content\/uploads\/2014\/04\/Cubierta_El_fin_de_los_sue\u00f1osdef-201x300.jpg\" alt=\"Cubierta_El_fin_de_los_sue\u00f1osdef-201x300\" width=\"201\" height=\"300\" \/><\/a>GC<\/strong>:\u00a0Por incre\u00edble que parezca, no le par\u00e9 la mano en ning\u00fan momento. Sab\u00edamos que iban a morir ni\u00f1os, eso desde luego; lo dif\u00edcil fue ponernos de acuerdo en cu\u00e1les. Hay escenas sangrientas m\u00edas y escenas sangrientas suyas, y no nos hemos censurado el uno al otro (m\u00e1s all\u00e1 de alg\u00fan chiste malo). Eso s\u00ed, creo que este libro es un poco menos cruel con los personajes de lo que acostumbra el Sr. Cotrina. Creo que est\u00e1 en proceso de recuperaci\u00f3n todav\u00eda de\u00a0<em>La canci\u00f3n secreta del mundo<\/em>. O tal vez est\u00e1 guardando toda su mala leche para otra cosilla que est\u00e1 escribiendo (gui\u00f1o, gui\u00f1o).<\/p>\n<p style=\"text-align: justify;\"><strong>Odo<\/strong>:\u00a0<em>\u00bfHabr\u00e1 alguna novela m\u00e1s en el mundo de &#8220;El fin de los sue\u00f1os&#8221;? \u00bfY alguna otra colaboraci\u00f3n Campbell-Cotrina?<\/em><\/p>\n<p style=\"text-align: justify;\"><strong>GC<\/strong>:\u00a0Al principio s\u00ed que nos planteamos que pudiera tener una continuaci\u00f3n. Pero conforme fuimos avanzando nos dimos cuenta de que solo hab\u00eda un final posible, y que no era un final que quisi\u00e9ramos, en principio, que tuviese secuela. Hay ideas claras de por d\u00f3nde ir\u00eda la cosa en caso de hacerse, y nunca digas nunca y todo eso, pero no creemos que se produzca.<\/p>\n<p style=\"text-align: justify;\">En cuanto a otras colaboraciones juntos, s\u00ed. Estamos ya en el proceso de correcci\u00f3n de otra novela, una obra de fantas\u00eda m\u00e1s bien c\u00f3mica, dirigida a un p\u00fablico un poco m\u00e1s joven. Aqu\u00ed no muere nadie. Lo prometo.<\/p>\n<p style=\"text-align: justify;\"><strong>Odo<\/strong>:\u00a0<em>\u00bfQu\u00e9 escritores te han influido m\u00e1s? \u00bfHay alg\u00fan autor actual al que admires especialmente?<\/em><\/p>\n<p style=\"text-align: justify;\"><strong>GC<\/strong>:\u00a0Es dif\u00edcil contestar a esa pregunta. Creo que, m\u00e1s all\u00e1 de algunos escritores favoritos evidentes, es complicado saber realmente qui\u00e9nes nos han influido a la hora de escribir, qui\u00e9n tiene la culpa de ese maldito peso de las influencias. Supongo que estoy tocada por la fantas\u00eda oscura de escritores como Barker, por el Gaiman guionista de c\u00f3mic, por los versos de Panero o el tono dist\u00f3pico de Ayala, Huxley y Orwell. Me tiran algunos grandes de la ciencia ficci\u00f3n, por supuesto: Sturgeon, Ballard y mi favorito de siempre, Dick. Pero tal vez los autores que m\u00e1s me est\u00e1n hablando ahora son aquellos donde en lo real se cuelan detalles m\u00e1gicos o surrealistas, textos inteligentes dise\u00f1ados con astucia, como las obras de Cort\u00e1zar, Ted Chiang o Kazuo Ishiguro. Y a la vez leo costumbrismo y realismo mordaz, que encuentro que ayuda m\u00e1s que ning\u00fan otro g\u00e9nero para escribir fantas\u00eda: Franzen, Eugenides, Dickens\u2026 nadie como ellos para que me apetezca describir dragones y quimeras. A nivel formal me encantar\u00eda escribir una mil\u00e9sima parte de lo bien que escribe Hilary Mantel: dar con una forma fluida y sencilla pero a la vez llena de m\u00fasica y simbolismo.<\/p>\n<p style=\"text-align: justify;\">Mi referente en juvenil siempre ha sido Diana Wynne Jones, que es la fantas\u00eda con la que crec\u00ed, junto a Tolkien, Terry Pratchett, Jill Murphy (su\u00a0<em>The Worst Witch<\/em>\u00a0es un claro antepasado de Harry Potter) y Robert Rankin, por mencionar a unos pocos autores de fant\u00e1stico a los que me enganch\u00e9 de ni\u00f1a y adolescente. De Rankin me encanta su gusto por la ficci\u00f3n extrema, esa\u00a0<em>far-fetched fiction<\/em>\u00a0que es absurda pero no imposible, una especie de respuesta muy brit\u00e1nica al realismo m\u00e1gico sudamericano.<\/p>\n<p style=\"text-align: justify;\"><strong>Odo<\/strong>:\u00a0<em>Por tu trayectoria como autora, editora, articulista, traductora, correctora, lectora editorial&#8230; creo que tienes una posici\u00f3n privilegiada para valorar la situaci\u00f3n de la literatura de g\u00e9nero en Espa\u00f1a. \u00bfC\u00f3mo la\u00a0ves en la actualidad?\u00a0<\/em><\/p>\n<p style=\"text-align: justify;\"><strong><a href=\"http:\/\/elfantascopio.com\/wp-content\/uploads\/2014\/04\/descarga.jpg\"><img loading=\"lazy\" decoding=\"async\" class=\"alignright wp-image-321 size-full\" src=\"http:\/\/elfantascopio.com\/wp-content\/uploads\/2014\/04\/descarga.jpg\" alt=\"descarga\" width=\"180\" height=\"256\" \/><\/a>GC<\/strong>:\u00a0Creo que estamos en un cruce de caminos apasionante. Estamos en proceso. Entre el formato tradicional y el digital, entre la definici\u00f3n clara del g\u00e9nero y los nuevos y emocionantes h\u00edbridos. Entre lo popular (<em>Juego de tronos<\/em>,\u00a0<em>El se\u00f1or de los anillos<\/em>, pel\u00edculas de superh\u00e9roes, el inter\u00e9s por lo fant\u00e1stico de las grandes editoriales) y los nichos especializados, que cada vez se abren m\u00e1s al gran p\u00fablico: retrofuturismo,\u00a0<em>weird<\/em>, Lovecraft, fantas\u00eda urbana\u2026 Y sin embargo a la vez estamos en un momento de crisis econ\u00f3mica, que ha reducido de forma significativa las ventas para muchas editoriales (\u00bfy no es la crisis el momento perfecto para escribir distop\u00edas, ucron\u00edas, futurismo, evasivas maravillosas?). Estamos en un momento de contradicciones y encuentros.<\/p>\n<p style=\"text-align: justify;\">Hay quien dice que el superventas tiene los d\u00edas contados, que con la \u00abdemocratizaci\u00f3n\u00bb (n\u00f3tense las comillas) de la literatura los autores peque\u00f1os y medianos tendr\u00e1n m\u00e1s oportunidades. Personalmente lo que estoy viendo es que las oportunidades se las est\u00e1n llevando todas aquellos autores y editoriales que se adaptan a las nuevas exigencias del mercado y, por tanto, de la mercadotecnia online; esto es aplicable a la fantas\u00eda, a la ciencia ficci\u00f3n, al terror y a la ficci\u00f3n especulativa en general. El autor se transforma: ya no es un escritor, es un artista de la multitarea que tan pronto te hace un libro como monta una campa\u00f1a publicitaria. No s\u00e9 si eso es bueno para la literatura, si es que podemos concebir algo como \u00abbueno\u00bb en un campo tan fascinante como el art\u00edstico, en un espejo tan complejo de lo social. A lo mejor no es cuesti\u00f3n de manique\u00edsmo, de hablar de palabras can\u00f3nicas como\u00a0<em>calidad<\/em>\u00a0o\u00a0<em>trascendencia<\/em>, sino de evoluci\u00f3n pura y dura: la supervivencia del m\u00e1s fuerte, del que mejor se adapta a las necesidades de la masa. Y aun as\u00ed surgen (y sobreviven) las obras de autores como Chiang, Bacigalupi o el mismo Cotrina, que no son precisamente lecturas f\u00e1ciles.<\/p>\n<p style=\"text-align: justify;\">Es dif\u00edcil saber en qu\u00e9 direcci\u00f3n ir\u00e1 todo, sobre todo con la amenaza de posibles monopolios tanto en digital como en papel. Por eso casos como el de Gigamesh me dan esperanza: empresas relativamente peque\u00f1as de personas consagradas al g\u00e9nero que han conseguido hacerse grandes. Y ah\u00ed tenemos a Nevsky, Fata Libelli o Salto de P\u00e1gina, nombres que suelen ser sin\u00f3nimos de calidad. Cuando empezamos con V\u00f3rtice (Parnaso), no quedaban ya casi revistas de g\u00e9nero, y apenas un peque\u00f1o pu\u00f1ado de editoriales que se atrev\u00edan a publicar a espa\u00f1oles. Aquello fue un fracaso comercial, y me llevo las manos a la cabeza por todas las cosas que ahora har\u00eda de forma diferente, pero me enorgullece haber formado parte del proceso. Y espero seguir formando parte todo el tiempo que pueda.<\/p>\n<p style=\"text-align: justify;\"><strong>Odo<\/strong>:\u00a0<em>En\u00a0<a href=\"http:\/\/elfantascopio.com\/\">El Fantascopio<\/a>\u00a0estamos dedicando unas semanas al\u00a0<a href=\"http:\/\/fantascopio.fantasticaficcion.com\/?p=26\">papel de la mujer en la literaturafant\u00e1stica<\/a>. \u00bfCu\u00e1l es tu experiencia? \u00bfHas encontrado alguna vez dificultades para publicar por el hecho de ser una mujer?<\/em><\/p>\n<p style=\"text-align: justify;\"><strong>GC<\/strong>:\u00a0Hace poco Elisabet Rosell\u00f3\u00a0<a href=\"http:\/\/elisabetrosello.blogspot.com.es\/2014\/03\/discriminacion-acoso-mujer-fandom-frikis-geek-ciencia-ficcion-fantasia.html\">public\u00f3 un art\u00edculo al respecto de todo este tema en su blog<\/a>, tras haber preguntado y entrevistado a unas cuantas mujeres del mundo\u00a0<em>fandom<\/em>. Es algo que surge de cuando en cuando, y mi respuesta es siempre la misma. Mi experiencia personal ha sido muy positiva. Cuando yo empec\u00e9 hab\u00eda muy pocas mujeres que leyeran ci-fi y fantas\u00eda, y menos a\u00fan que se involucraran activamente en el mundillo. Recuerdo que en la facultad (hice un primer ciclo de Filolog\u00eda Hisp\u00e1nica y luego me especialic\u00e9 en Teor\u00eda de la Literatura) mis propios compa\u00f1eros dec\u00edan que se trataba de \u00absubg\u00e9neros\u00bb. Las chicas que jug\u00e1bamos al rol o \u00edbamos a las tiendas de c\u00f3mics no solo \u00e9ramos minor\u00eda, \u00e9ramos minor\u00eda dentro de la minor\u00eda.<\/p>\n<p style=\"text-align: justify;\">Sea como sea, como \u00e9ramos pocas mujeres en los tiempos en los que yo me acerqu\u00e9 a otros aficionados de lo fant\u00e1stico, estos casi se amontonaban para echar una mano. Yo ven\u00eda del mundo de la poes\u00eda, que era tremendamente competitivo y sexista, y me encontr\u00e9 con un entorno que me recib\u00eda con los brazos abiertos. No soy ilusa, y puede que hubiera algo de discriminaci\u00f3n positiva en ello: estoy segura de que me habr\u00edan machacado bastante m\u00e1s por algunas meteduras de pata en caso de ser hombre, por ejemplo.<\/p>\n<p style=\"text-align: justify;\"><a href=\"http:\/\/elfantascopio.com\/wp-content\/uploads\/2014\/04\/happypills.jpg\"><img loading=\"lazy\" decoding=\"async\" class=\"alignleft wp-image-320 size-medium\" src=\"http:\/\/elfantascopio.com\/wp-content\/uploads\/2014\/04\/happypills-250x300.jpg\" alt=\"happypills\" width=\"250\" height=\"300\" \/><\/a>Soy muy consciente de que la discriminaci\u00f3n existe en el sector, pero mi experiencia hasta ahora ha sido, repito, muy positiva, mucho m\u00e1s abierta y respetuosa que en otros campos art\u00edsticos. Lo cual no quita que en este mundo de lo fant\u00e1stico, como en todos los sectores, pueda haber situaciones aberrantes, y que sigamos teniendo una mayor\u00eda de lectores y escritores masculinos. Por fortuna, cada vez tienen m\u00e1s peso las mujeres, y cada vez hay m\u00e1s editoras, autoras y, por supuesto, lectoras; tambi\u00e9n hay m\u00e1s personajes femeninos en el marco de la narraci\u00f3n que son complejos, redondos, poderosos. Soy optimista.<\/p>\n<p style=\"text-align: justify;\"><strong>Odo<\/strong>:\u00a0<em>Adem\u00e1s de escribir poes\u00eda y prosa te interesan tambi\u00e9n la ilustraci\u00f3n y otras formas de expresi\u00f3n art\u00edstica. En tu opini\u00f3n, \u00bfqu\u00e9 tienen en com\u00fan todas ellas y qu\u00e9 las diferencia? \u00bfCon que forma de arte te sientes m\u00e1s c\u00f3moda? \u00bfCu\u00e1l te gusta m\u00e1s?<\/em><\/p>\n<p style=\"text-align: justify;\"><strong>GC<\/strong>:\u00a0Otra pregunta muy dif\u00edcil de contestar. Tengo un serio problema, que es que me interesan casi todas las formas de expresi\u00f3n creativa. As\u00ed que me resulta complicado ce\u00f1irme a una. Y hay veces que uno necesita trabajar con la mente y veces que necesita trabajar con las manos. Hay veces que tienes que sentarte delante del ordenador y expulsar palabras y hay veces que los dedos te piden que cojas un pincel. Lo mejor, siempre, es trabajar con buenos materiales, ya sean buenas palabras, t\u00e9rminos precisos e ideas originales, l\u00e1pices de Faber Castell o alambre de plata. Creo que este es un punto en com\u00fan importante.<\/p>\n<p style=\"text-align: justify;\">Me encanta dibujar, pintar, crear, pero en este campo mi talento es limitado, por decirlo de forma suave. Por una raz\u00f3n u otra siempre vuelvo a la palabra. Y por una raz\u00f3n u otra siempre he acabado dedic\u00e1ndole m\u00e1s esfuerzo, tiempo y concentraci\u00f3n, aunque soy una de esas raras personas que escriben sin que les guste escribir. Adoro aunar lo pict\u00f3rico con lo escrito (de ah\u00ed mis marcap\u00e1ginas y citas ilustradas, mi proyecto de poes\u00eda ilustrada y otras fusiones similares), pero pintar y crear son para m\u00ed v\u00edas de escape; escribir es una forma tortuosa diaria de recordarme a m\u00ed misma todo lo que me queda por aprender. Es una extra\u00f1a relaci\u00f3n de amor-odio que no terminar\u00e9 de comprender nunca.<\/p>\n<p style=\"text-align: justify;\"><strong>Odo<\/strong>:\u00a0<em>\u00bfEn qu\u00e9 est\u00e1s trabajando ahora mismo? \u00bfPodr\u00edas darnos un avance en exclusiva de tus proyectos\u00a0futuros?<\/em><\/p>\n<p style=\"text-align: justify;\"><strong>GC<\/strong>:\u00a0No s\u00e9 si en exclusiva, no me guardo muchos secretos, pero llevo ya un tiempo largo trabajando en una novela de fantas\u00eda. A finales del a\u00f1o pasado, cerca de las 90000 palabras, decid\u00ed que era m\u00e1s eficiente desecharla y empezar de nuevo que arreglar todo lo que estaba mal, horriblemente mal. Creo que el manuscrito nuevo tendr\u00e1 mejor suerte, o eso espero. Por otra parte, tengo la novela a cuatro manos que ya he mencionado y un proyecto relacionado con relatos breves que espero que salga a la luz a lo largo de los pr\u00f3ximos meses. Tambi\u00e9n tengo art\u00edculos especializados pendientes y mil cosas m\u00e1s. No me s\u00e9 estar quieta.<\/p>\n<p style=\"text-align: justify;\"><strong>Odo<\/strong>:\u00a0<em>\u00bfD\u00f3nde pueden nuestros lectores aprender m\u00e1s sobre ti y tu trabajo?<\/em><\/p>\n<p style=\"text-align: justify;\"><strong>GC<\/strong>:\u00a0Todo (o casi todo) est\u00e1 en mi web,\u00a0<a href=\"http:\/\/www.gabriellaliteraria.com\/\">http:\/\/www.gabriellaliteraria.com<\/a>\u00a0Adem\u00e1s de un punto de venta laboral es un lugar de expresi\u00f3n: en mi blog suelo tratar temas que me interesan, como la productividad, la escritura y otros delirios. A veces traduzco art\u00edculos ajenos del ingl\u00e9s, con permiso de sus autores, si creo que pueden ser interesantes para amigos y lectores.<\/p>\n<p style=\"text-align: justify;\"><strong>Odo<\/strong>:\u00a0<em>\u00bfAlguna otra cosa que quieras a\u00f1adir?<\/em><\/p>\n<p style=\"text-align: justify;\"><strong>GC<\/strong>:\u00a0Poco m\u00e1s; si sigo escribiendo acabar\u00e9 montando un sub-blog propio. Mil gracias por la entrevista, es un placer andar por aqu\u00ed.<\/p>\n<p style=\"text-align: justify;\"><strong>Odo<\/strong>:\u00a0<em>Muchas gracias a ti. El placer es todo m\u00edo.\u00a0<\/em><\/p>\n<p style=\"text-align: justify;\"><strong>Nota<\/strong>: Entrevista procedente de\u00a0<strong><a href=\"http:\/\/sentidodelamaravilla.blogspot.com\/2014\/04\/entrevista-con-gabriella-campbell.html\">Sense of Wonder<\/a><\/strong>.<\/p>\n","protected":false},"excerpt":{"rendered":"<p>Como parte del especial\u00a0El G\u00e9nero &amp; El\u00a0G\u00e9nero,\u00a0tengo el placer de entrevistar a\u00a0Gabriella Campbell, que es, entre otras cosas, escritora, traductora, editora y correctora. Su m\u00e1s reciente novela, escrita en colaboraci\u00f3n con\u00a0Jos\u00e9 Antonio Cotrina, es la estupenda\u00a0El fin de los sue\u00f1os, que le\u00ed y rese\u00f1\u00e9 hace poco\u00a0en Sense of Wonder. \u00a1Espero que os guste mucho la &hellip; <\/p>\n<p class=\"link-more\"><a href=\"https:\/\/www.fantasticaficcion.com\/index.php\/entrevista-con-gabriella-campbell\/\" class=\"more-link\">Continuar leyendo<span class=\"screen-reader-text\"> &#8220;Entrevista con Gabriella Campbell&#8221;<\/span><\/a><\/p>\n","protected":false},"author":3,"featured_media":0,"comment_status":"open","ping_status":"open","sticky":false,"template":"","format":"standard","meta":{"jetpack_post_was_ever_published":false,"_jetpack_newsletter_access":"","_jetpack_dont_email_post_to_subs":true,"_jetpack_newsletter_tier_id":0,"_jetpack_memberships_contains_paywalled_content":false,"_jetpack_memberships_contains_paid_content":false,"footnotes":""},"categories":[833,823,824,1],"tags":[4,1018,664,890],"class_list":["post-6847","post","type-post","status-publish","format-standard","hentry","category-entrevista","category-espanol","category-fantascopio","category-sin-categoria","tag-ciencia-ficcion","tag-fantascopio","tag-fantasia","tag-gabriella-campbell"],"jetpack_featured_media_url":"","jetpack_shortlink":"https:\/\/wp.me\/p5fEpk-1Mr","jetpack_sharing_enabled":true,"_links":{"self":[{"href":"https:\/\/www.fantasticaficcion.com\/index.php\/wp-json\/wp\/v2\/posts\/6847","targetHints":{"allow":["GET"]}}],"collection":[{"href":"https:\/\/www.fantasticaficcion.com\/index.php\/wp-json\/wp\/v2\/posts"}],"about":[{"href":"https:\/\/www.fantasticaficcion.com\/index.php\/wp-json\/wp\/v2\/types\/post"}],"author":[{"embeddable":true,"href":"https:\/\/www.fantasticaficcion.com\/index.php\/wp-json\/wp\/v2\/users\/3"}],"replies":[{"embeddable":true,"href":"https:\/\/www.fantasticaficcion.com\/index.php\/wp-json\/wp\/v2\/comments?post=6847"}],"version-history":[{"count":1,"href":"https:\/\/www.fantasticaficcion.com\/index.php\/wp-json\/wp\/v2\/posts\/6847\/revisions"}],"predecessor-version":[{"id":6939,"href":"https:\/\/www.fantasticaficcion.com\/index.php\/wp-json\/wp\/v2\/posts\/6847\/revisions\/6939"}],"wp:attachment":[{"href":"https:\/\/www.fantasticaficcion.com\/index.php\/wp-json\/wp\/v2\/media?parent=6847"}],"wp:term":[{"taxonomy":"category","embeddable":true,"href":"https:\/\/www.fantasticaficcion.com\/index.php\/wp-json\/wp\/v2\/categories?post=6847"},{"taxonomy":"post_tag","embeddable":true,"href":"https:\/\/www.fantasticaficcion.com\/index.php\/wp-json\/wp\/v2\/tags?post=6847"}],"curies":[{"name":"wp","href":"https:\/\/api.w.org\/{rel}","templated":true}]}}