{"id":6740,"date":"2017-02-14T06:45:12","date_gmt":"2017-02-14T06:45:12","guid":{"rendered":"http:\/\/www.fantasticaficcion.com\/?p=6740"},"modified":"2017-02-14T06:45:12","modified_gmt":"2017-02-14T06:45:12","slug":"adaptacion-de-i-robot-en-radio-4","status":"publish","type":"post","link":"https:\/\/www.fantasticaficcion.com\/index.php\/adaptacion-de-i-robot-en-radio-4\/","title":{"rendered":"Adaptaci\u00f3n de I, Robot en Radio 4"},"content":{"rendered":"<p style=\"text-align: justify;\"><a href=\"https:\/\/www.fantasticaficcion.com\/wp-content\/uploads\/2017\/01\/b7-leads.jpg\"><img loading=\"lazy\" decoding=\"async\" class=\"aligncenter size-full wp-image-6741\" src=\"https:\/\/www.fantasticaficcion.com\/wp-content\/uploads\/2017\/01\/b7-leads.jpg\" alt=\"\" width=\"800\" height=\"351\" srcset=\"https:\/\/www.fantasticaficcion.com\/wp-content\/uploads\/2017\/01\/b7-leads.jpg 800w, https:\/\/www.fantasticaficcion.com\/wp-content\/uploads\/2017\/01\/b7-leads-300x132.jpg 300w, https:\/\/www.fantasticaficcion.com\/wp-content\/uploads\/2017\/01\/b7-leads-768x337.jpg 768w, https:\/\/www.fantasticaficcion.com\/wp-content\/uploads\/2017\/01\/b7-leads-624x274.jpg 624w\" sizes=\"auto, (max-width: 767px) 89vw, (max-width: 1000px) 54vw, (max-width: 1071px) 543px, 580px\" \/><\/a>A partir del 6 de febrero<a href=\"https:\/\/scifibulletin.com\/2017\/01\/21\/i-robot-comes-to-radio-4\/\"> se est\u00e1 emitiendo en Radio 4 <\/a>una adaptaci\u00f3n de <em><strong>I, Robot<\/strong> <\/em>de Isaac Asimov.<\/p>\n<p style=\"text-align: justify;\">Los relatos originales han sido adaptados por Richard Kurti y el productor y director es Andrew Mark Sewell, con m\u00fasica de Imran Ahmed y dise\u00f1o de sonido por Alistair Lock.<\/p>\n<p style=\"text-align: justify;\">Los actores ser\u00e1n Hermione Norris como Stevie, con Derek Riddell como George Byerley, Dianne Weller como Grace Byerley, Kelly Burke como Robbie, Rob Blackwood como el gu\u00eda tur\u00edstico y Mia Burgess como Young Stevie, adem\u00e1s de Brendan Coyle, Nicholas Briggs, Michael Cochrane y Corrinne Wicks.<\/p>\n<p style=\"text-align: justify;\">La sinopsis de la serie:<\/p>\n<blockquote>\n<p style=\"text-align: justify;\">The rise of robotics in the 21st century is told through the poignant and mysterious story of enigmatic lawyer, Stevie Byerley. As a child, Stevie is raised by Robbie, a robotic childminder, because her parents are too busy working. The powerful bond she forms with the robot is unbreakable. Their relationship will change the course of Stevie\u2019s life.<\/p>\n<\/blockquote>\n","protected":false},"excerpt":{"rendered":"<p>A partir del 6 de febrero se est\u00e1 emitiendo en Radio 4 una adaptaci\u00f3n de I, Robot de Isaac Asimov. Los relatos originales han sido adaptados por Richard Kurti y el productor y director es Andrew Mark Sewell, con m\u00fasica de Imran Ahmed y dise\u00f1o de sonido por Alistair Lock. Los actores ser\u00e1n Hermione Norris &hellip; <\/p>\n<p class=\"link-more\"><a href=\"https:\/\/www.fantasticaficcion.com\/index.php\/adaptacion-de-i-robot-en-radio-4\/\" class=\"more-link\">Continuar leyendo<span class=\"screen-reader-text\"> &#8220;Adaptaci\u00f3n de I, Robot en Radio 4&#8221;<\/span><\/a><\/p>\n","protected":false},"author":1,"featured_media":0,"comment_status":"open","ping_status":"open","sticky":false,"template":"","format":"standard","meta":{"jetpack_post_was_ever_published":false,"_jetpack_newsletter_access":"","_jetpack_dont_email_post_to_subs":false,"_jetpack_newsletter_tier_id":0,"_jetpack_memberships_contains_paywalled_content":false,"_jetpack_memberships_contains_paid_content":false,"footnotes":""},"categories":[10],"tags":[491,35,190],"class_list":["post-6740","post","type-post","status-publish","format-standard","hentry","category-ciencia-ficcion-2","tag-adaptaciones","tag-isaac-asimov","tag-noticias"],"jetpack_featured_media_url":"","jetpack_shortlink":"https:\/\/wp.me\/p5fEpk-1KI","jetpack_sharing_enabled":true,"_links":{"self":[{"href":"https:\/\/www.fantasticaficcion.com\/index.php\/wp-json\/wp\/v2\/posts\/6740","targetHints":{"allow":["GET"]}}],"collection":[{"href":"https:\/\/www.fantasticaficcion.com\/index.php\/wp-json\/wp\/v2\/posts"}],"about":[{"href":"https:\/\/www.fantasticaficcion.com\/index.php\/wp-json\/wp\/v2\/types\/post"}],"author":[{"embeddable":true,"href":"https:\/\/www.fantasticaficcion.com\/index.php\/wp-json\/wp\/v2\/users\/1"}],"replies":[{"embeddable":true,"href":"https:\/\/www.fantasticaficcion.com\/index.php\/wp-json\/wp\/v2\/comments?post=6740"}],"version-history":[{"count":2,"href":"https:\/\/www.fantasticaficcion.com\/index.php\/wp-json\/wp\/v2\/posts\/6740\/revisions"}],"predecessor-version":[{"id":6788,"href":"https:\/\/www.fantasticaficcion.com\/index.php\/wp-json\/wp\/v2\/posts\/6740\/revisions\/6788"}],"wp:attachment":[{"href":"https:\/\/www.fantasticaficcion.com\/index.php\/wp-json\/wp\/v2\/media?parent=6740"}],"wp:term":[{"taxonomy":"category","embeddable":true,"href":"https:\/\/www.fantasticaficcion.com\/index.php\/wp-json\/wp\/v2\/categories?post=6740"},{"taxonomy":"post_tag","embeddable":true,"href":"https:\/\/www.fantasticaficcion.com\/index.php\/wp-json\/wp\/v2\/tags?post=6740"}],"curies":[{"name":"wp","href":"https:\/\/api.w.org\/{rel}","templated":true}]}}