{"id":6459,"date":"2016-11-10T06:44:40","date_gmt":"2016-11-10T06:44:40","guid":{"rendered":"http:\/\/www.fantasticaficcion.com\/?p=6459"},"modified":"2016-11-10T06:44:40","modified_gmt":"2016-11-10T06:44:40","slug":"una-mirada-a-la-eurocon-2016","status":"publish","type":"post","link":"https:\/\/www.fantasticaficcion.com\/index.php\/una-mirada-a-la-eurocon-2016\/","title":{"rendered":"Una mirada a la Eurocon 2016"},"content":{"rendered":"<p style=\"text-align: justify;\">He tenido la inmensa suerte de asistir como participante a la Eurocon que se ha celebrado este a\u00f1o en Barcelona. Mi experiencia anterior en convenciones, aunque no muy larga, es variada, pues la diferencia entre la <a href=\"https:\/\/www.fantasticaficcion.com\/index.php\/resumen-loncon-3\/\">Loncon 3<\/a> y el <a href=\"https:\/\/www.fantasticaficcion.com\/index.php\/cronica-niebla-2016\/\">festival Niebla<\/a> no puede ser mayor.<\/p>\n<p style=\"text-align: justify;\">Llegu\u00e9 bastante pronto a Barcelona, el jueves ya estaba por all\u00ed. La recepci\u00f3n de los <em>early birds <\/em>fue correcta, a pesar de un peque\u00f1o l\u00edo con la preparaci\u00f3n de las tarjetas. En la bolsa que nos dieron, un bot\u00edn considerable : diversas tarjetas con c\u00f3digos para descargar libros (incluido <em><strong>Spanish Women of Wonder<\/strong><\/em>, un proyecto que no deja de depararme alegr\u00edas), la edici\u00f3n triling\u00fce de <em><strong>Mecanoscrito de segundo origen,<\/strong><\/em><strong>\u00a0<\/strong>un pasaporte &#8220;euroconero&#8221;, una gu\u00eda pr\u00e1ctica para desenvolverte en la Eurocon y el listado de los muchos actos a los que se pod\u00eda asistir. Los cambios en los actos estaban se informaban pormenorizadamente en la aplicaci\u00f3n del m\u00f3vil, pero claro, a los seres primitivos que no tenemos Android ni IOS no nos serv\u00eda. No obstante, solo me perd\u00ed una charla por esta causa.<\/p>\n<figure id=\"attachment_6461\" aria-describedby=\"caption-attachment-6461\" style=\"width: 300px\" class=\"wp-caption aligncenter\"><a href=\"https:\/\/www.fantasticaficcion.com\/wp-content\/uploads\/2016\/11\/WP_20161108_14_47_25_Pro.jpg\"><img loading=\"lazy\" decoding=\"async\" class=\"wp-image-6461 size-medium\" src=\"https:\/\/www.fantasticaficcion.com\/wp-content\/uploads\/2016\/11\/WP_20161108_14_47_25_Pro-300x169.jpg\" alt=\"wp_20161108_14_47_25_pro\" width=\"300\" height=\"169\" srcset=\"https:\/\/www.fantasticaficcion.com\/wp-content\/uploads\/2016\/11\/WP_20161108_14_47_25_Pro-300x169.jpg 300w, https:\/\/www.fantasticaficcion.com\/wp-content\/uploads\/2016\/11\/WP_20161108_14_47_25_Pro-768x432.jpg 768w, https:\/\/www.fantasticaficcion.com\/wp-content\/uploads\/2016\/11\/WP_20161108_14_47_25_Pro-1024x576.jpg 1024w, https:\/\/www.fantasticaficcion.com\/wp-content\/uploads\/2016\/11\/WP_20161108_14_47_25_Pro-624x351.jpg 624w, https:\/\/www.fantasticaficcion.com\/wp-content\/uploads\/2016\/11\/WP_20161108_14_47_25_Pro.jpg 1632w\" sizes=\"auto, (max-width: 300px) 100vw, 300px\" \/><\/a><figcaption id=\"caption-attachment-6461\" class=\"wp-caption-text\">La preciada acreditaci\u00f3n<\/figcaption><\/figure>\n<p style=\"text-align: justify;\">En un ambiente distendido, aprovech\u00e9 la ocasi\u00f3n para hablar con Aliette de Bodard y preparar un poco la charla que tendr\u00eda lugar el s\u00e1bado. Es muy extra\u00f1o estar hablando con alguien y que de repente se siente a tu lado Charles Stross a despotricar sobre el Brexit, pero esto al parecer es lo que pasa en las convenciones. Por fin pude <em>desvirtualizar<\/em> a @mertonio, tras muchas <a href=\"https:\/\/www.fantasticaficcion.com\/index.php\/snakewood\/\">colaboraciones en el blog<\/a> y no menos conversaciones en las redes sociales. El punto \u00e1lgido del d\u00eda.<\/p>\n<p style=\"text-align: justify;\">M\u00e1s tarde fuimos a cenar con una de las triunfadoras de la convenci\u00f3n, Cristina Jurado, ganadora de dos premios y El\u00edas Combarro, que tampoco le ir\u00eda a la zaga.<\/p>\n<p style=\"text-align: justify;\">Al d\u00eda siguiente ya comenzaba la convenci\u00f3n propiamente dicha. A las 10.15h en un teatro abarrotado, tuvo lugar la ceremonia de apertura. Y despu\u00e9s, sin soluci\u00f3n de continuidad, empez\u00f3 un programa muy variado. En primer lugar, <strong>Queer Societies in SF <\/strong>con una mirada a los libros de ciencia ficci\u00f3n no heteronormativas. Despu\u00e9s y en el mismo lugar asistimos a <strong>Where are the aliens? <\/strong>una de las charlas que m\u00e1s me gust\u00f3, donde se intentaba responder a la paradoja de Fermi. Me qued\u00e9 con las ganas de preguntar sobre la hip\u00f3tesis de <a href=\"https:\/\/www.fantasticaficcion.com\/index.php\/the-dark-forest\/\"><em><strong>The Dark Forest<\/strong><\/em><\/a>, pero eso hubiera sido entrar en el terreno del <em>spoiler<\/em> puro y duro. De aqu\u00ed nos fuimos a comer r\u00e1pidamente, porque a las tres y media ten\u00eda lugar la charla <strong>La ciencia ficci\u00f3n en los pa\u00edses \u00e1rabes <\/strong>de Cristina Jurado y eso no me lo iba a perder. Un tema que sin duda no fue f\u00e1cil pero que consigui\u00f3 suscitar la atenci\u00f3n de todos los presentes. La charla siguiente<strong> Cross-Media: New Narratives for the 21st Century <\/strong>tuvo interesantes intervenciones, principalmente por Rhianna Pratchett y \u00c1ngel Luis Sucasas (nunca pens\u00e9 que hubiera diferencia entre <em>transmedia<\/em> y <em>crossmedia<\/em>, John Clute tampoco). De<strong> The Place of Euro SF in the World <\/strong>saqu\u00e9 como conclusi\u00f3n que si tu obra no se traduce al ingl\u00e9s no vas a tener nada de visibilidad, vengas de donde vengas. Para finalizar la parte &#8220;acad\u00e9mica&#8221; del d\u00eda, asist\u00ed a <strong>The Influence of European Authors &amp; History in the Work of GRR Martin, <\/strong>aunque innegable, me result\u00f3 curioso que se citara como influencia a Harold Foster, que al fin y al cabo no es europeo.<\/p>\n<p style=\"text-align: justify;\">Despu\u00e9s fui en peregrinaci\u00f3n a Gigamesh, a ver el templo de la ciencia ficci\u00f3n en Barcelona y asist\u00ed a la fiesta de la revista SuperSonic. \u00bfHe dicho ya que Cristina Jurado estuvo omnipresente?<\/p>\n<p style=\"text-align: justify;\">Al d\u00eda siguiente, con energ\u00edas renovadas (es un decir) asist\u00ed al panel sobre <strong>Stanislaw Lem : A Celebration <\/strong>con intervenciones estelares de Andrzej Sapkowski. Frases como: <em>&#8220;Solaris is the big novel about helplessness&#8221; <\/em>te dan mucho material para reflexionar. M\u00e1s tarde, la charla sobre <strong>Estado de la CF espa\u00f1ola: \u00bftradici\u00f3n o revoluci\u00f3n? <\/strong>se expusieron distintos puntos de vista sobre la situaci\u00f3n actual, aunque no hubo mucha interacci\u00f3n entre los ponentes. Me perd\u00ed <strong>Political SF<\/strong> una de las que ver\u00e9 por <em>streaming <\/em>pero prefer\u00ed y disfrut\u00e9 <strong>Traducciones que trascienden el papel <\/strong>con Noem\u00ed Risco y Pilar Ram\u00edrez Tello desatadas.<\/p>\n<p style=\"text-align: justify;\">Despu\u00e9s, a las tres de la tarde tuvo lugar nuestra intervenci\u00f3n, de la que os dejo un enlace. Disculpad mi ingl\u00e9s macarr\u00f3nico, pero ah\u00ed estaban El\u00edas y Cristina para compensar.<\/p>\n<p><span class=\"embed-youtube\" style=\"text-align:center; display: block;\"><iframe loading=\"lazy\" class=\"youtube-player\" width=\"525\" height=\"296\" src=\"https:\/\/www.youtube.com\/embed\/Pmx6uPw8gl8?version=3&#038;rel=1&#038;showsearch=0&#038;showinfo=1&#038;iv_load_policy=1&#038;fs=1&#038;hl=es-ES&#038;autohide=2&#038;wmode=transparent\" allowfullscreen=\"true\" style=\"border:0;\" sandbox=\"allow-scripts allow-same-origin allow-popups allow-presentation allow-popups-to-escape-sandbox\"><\/iframe><\/span><\/p>\n<p style=\"text-align: justify;\">No pude asistir a nada del programa de la tarde, porque ten\u00eda mi propia agenda acompa\u00f1ando a mi admirada Aliette de Bodard. Aqu\u00ed os dejo tambi\u00e9n el v\u00eddeo de la intervenci\u00f3n, gracias a la librer\u00eda Chronos.<\/p>\n<p><span class=\"embed-youtube\" style=\"text-align:center; display: block;\"><iframe loading=\"lazy\" class=\"youtube-player\" width=\"525\" height=\"296\" src=\"https:\/\/www.youtube.com\/embed\/P6yVPNRtkY8?version=3&#038;rel=1&#038;showsearch=0&#038;showinfo=1&#038;iv_load_policy=1&#038;fs=1&#038;hl=es-ES&#038;autohide=2&#038;wmode=transparent\" allowfullscreen=\"true\" style=\"border:0;\" sandbox=\"allow-scripts allow-same-origin allow-popups allow-presentation allow-popups-to-escape-sandbox\"><\/iframe><\/span><\/p>\n<p style=\"text-align: justify;\">El plato fuerte de la noche fue la cena de gana y la entrega de los premios Ictineu e <a href=\"https:\/\/www.fantasticaficcion.com\/index.php\/premios-ignotus-2016\/\">Ignotus<\/a>. Tengo pocas fotos de la mesa pero aqu\u00ed os traigo una muestra de la cara de sufrimiento de los presentes.<\/p>\n<p style=\"text-align: justify;\"><a href=\"https:\/\/www.fantasticaficcion.com\/wp-content\/uploads\/2016\/11\/ignotus.jpg\"><img loading=\"lazy\" decoding=\"async\" class=\"aligncenter size-large wp-image-6471\" src=\"https:\/\/www.fantasticaficcion.com\/wp-content\/uploads\/2016\/11\/ignotus-1024x576.jpg\" alt=\"ignotus\" width=\"625\" height=\"352\" srcset=\"https:\/\/www.fantasticaficcion.com\/wp-content\/uploads\/2016\/11\/ignotus.jpg 1024w, https:\/\/www.fantasticaficcion.com\/wp-content\/uploads\/2016\/11\/ignotus-300x169.jpg 300w, https:\/\/www.fantasticaficcion.com\/wp-content\/uploads\/2016\/11\/ignotus-768x432.jpg 768w, https:\/\/www.fantasticaficcion.com\/wp-content\/uploads\/2016\/11\/ignotus-624x351.jpg 624w\" sizes=\"auto, (max-width: 625px) 100vw, 625px\" \/><\/a>El domingo ya tocaba ir recogiendo as\u00ed que solo pude ir a la entrevista <strong>a Aliette de Bodard<\/strong> (interesant\u00edsima como siempre) y asistir a la ceremonia de clausura. De nuevo, aluvi\u00f3n de premios para propios y extra\u00f1os, a los que desde aqu\u00ed sigo felicitando.<\/p>\n<p style=\"text-align: justify;\">Esto en cuanto a la parte m\u00e1s &#8220;instructiva&#8221; de la Eurocon. Pero, aunque importante, esto palidece en comparaci\u00f3n con haber disfrutado de la compa\u00f1\u00eda de toda la gente a la que nos une la pasi\u00f3n por la ciencia ficci\u00f3n. No voy a hacer un listado (vosotros sab\u00e9is qui\u00e9nes sois) pero desde aqu\u00ed quiero volver a dar las gracias por hacerme sentir como en casa.<\/p>\n","protected":false},"excerpt":{"rendered":"<p>He tenido la inmensa suerte de asistir como participante a la Eurocon que se ha celebrado este a\u00f1o en Barcelona. Mi experiencia anterior en convenciones, aunque no muy larga, es variada, pues la diferencia entre la Loncon 3 y el festival Niebla no puede ser mayor. Llegu\u00e9 bastante pronto a Barcelona, el jueves ya estaba &hellip; <\/p>\n<p class=\"link-more\"><a href=\"https:\/\/www.fantasticaficcion.com\/index.php\/una-mirada-a-la-eurocon-2016\/\" class=\"more-link\">Continuar leyendo<span class=\"screen-reader-text\"> &#8220;Una mirada a la Eurocon 2016&#8221;<\/span><\/a><\/p>\n","protected":false},"author":1,"featured_media":0,"comment_status":"open","ping_status":"open","sticky":false,"template":"","format":"standard","meta":{"jetpack_post_was_ever_published":false,"_jetpack_newsletter_access":"","_jetpack_dont_email_post_to_subs":false,"_jetpack_newsletter_tier_id":0,"_jetpack_memberships_contains_paywalled_content":false,"_jetpack_memberships_contains_paid_content":false,"footnotes":""},"categories":[10,5],"tags":[190],"class_list":["post-6459","post","type-post","status-publish","format-standard","hentry","category-ciencia-ficcion-2","category-fantasia","tag-noticias"],"jetpack_featured_media_url":"","jetpack_shortlink":"https:\/\/wp.me\/p5fEpk-1Gb","jetpack_sharing_enabled":true,"_links":{"self":[{"href":"https:\/\/www.fantasticaficcion.com\/index.php\/wp-json\/wp\/v2\/posts\/6459","targetHints":{"allow":["GET"]}}],"collection":[{"href":"https:\/\/www.fantasticaficcion.com\/index.php\/wp-json\/wp\/v2\/posts"}],"about":[{"href":"https:\/\/www.fantasticaficcion.com\/index.php\/wp-json\/wp\/v2\/types\/post"}],"author":[{"embeddable":true,"href":"https:\/\/www.fantasticaficcion.com\/index.php\/wp-json\/wp\/v2\/users\/1"}],"replies":[{"embeddable":true,"href":"https:\/\/www.fantasticaficcion.com\/index.php\/wp-json\/wp\/v2\/comments?post=6459"}],"version-history":[{"count":7,"href":"https:\/\/www.fantasticaficcion.com\/index.php\/wp-json\/wp\/v2\/posts\/6459\/revisions"}],"predecessor-version":[{"id":6473,"href":"https:\/\/www.fantasticaficcion.com\/index.php\/wp-json\/wp\/v2\/posts\/6459\/revisions\/6473"}],"wp:attachment":[{"href":"https:\/\/www.fantasticaficcion.com\/index.php\/wp-json\/wp\/v2\/media?parent=6459"}],"wp:term":[{"taxonomy":"category","embeddable":true,"href":"https:\/\/www.fantasticaficcion.com\/index.php\/wp-json\/wp\/v2\/categories?post=6459"},{"taxonomy":"post_tag","embeddable":true,"href":"https:\/\/www.fantasticaficcion.com\/index.php\/wp-json\/wp\/v2\/tags?post=6459"}],"curies":[{"name":"wp","href":"https:\/\/api.w.org\/{rel}","templated":true}]}}