{"id":6354,"date":"2016-10-04T05:45:44","date_gmt":"2016-10-04T05:45:44","guid":{"rendered":"http:\/\/www.fantasticaficcion.com\/?p=6354"},"modified":"2016-10-04T05:45:44","modified_gmt":"2016-10-04T05:45:44","slug":"cronica-niebla-2016","status":"publish","type":"post","link":"https:\/\/www.fantasticaficcion.com\/index.php\/cronica-niebla-2016\/","title":{"rendered":"Cr\u00f3nica Niebla 2016"},"content":{"rendered":"<p style=\"text-align: justify;\">Desde el 30 de septiembre al 2 de octubre tuvo lugar la primera edici\u00f3n del Festival Niebla Salamanca, al que tuve el honor de asistir. Voy a relatar mis impresiones, aunque el resumen podr\u00eda ser un : \u00a1viva la Niebla!<\/p>\n<p style=\"text-align: justify;\">El viernes no pude asistir al principio de los actos programados porque la distancia desde mi ciudad de origen es bastante grande, pero afortunadamente llegu\u00e9 a tiempo para asistir al encuentro con Ken Liu. De la mano de los VerdHugos Miquel Codony y El\u00edas Combarro pudimos conocer de primera mano la labor de este maravilloso autor.<\/p>\n<p style=\"text-align: justify;\"><a href=\"https:\/\/www.fantasticaficcion.com\/wp-content\/uploads\/2016\/10\/WP_20160930_20_06_22_Pro.jpg\"><img loading=\"lazy\" decoding=\"async\" class=\"alignright size-large wp-image-6355\" src=\"https:\/\/www.fantasticaficcion.com\/wp-content\/uploads\/2016\/10\/WP_20160930_20_06_22_Pro-1024x576.jpg\" alt=\"wp_20160930_20_06_22_pro\" width=\"625\" height=\"352\" srcset=\"https:\/\/www.fantasticaficcion.com\/wp-content\/uploads\/2016\/10\/WP_20160930_20_06_22_Pro-1024x576.jpg 1024w, https:\/\/www.fantasticaficcion.com\/wp-content\/uploads\/2016\/10\/WP_20160930_20_06_22_Pro-300x169.jpg 300w, https:\/\/www.fantasticaficcion.com\/wp-content\/uploads\/2016\/10\/WP_20160930_20_06_22_Pro-768x432.jpg 768w, https:\/\/www.fantasticaficcion.com\/wp-content\/uploads\/2016\/10\/WP_20160930_20_06_22_Pro-624x351.jpg 624w\" sizes=\"auto, (max-width: 625px) 100vw, 625px\" \/><\/a>Pero, como suele acontecer en muchos de estos encuentros, el mejor momento lleg\u00f3 despu\u00e9s, cuando pudimos compartir cena y charla con Ken Liu. Mientras \u00e9l disfrutaba de la gastronom\u00eda espa\u00f1ola, atendi\u00f3 amablemente todas nuestras preguntas, con una humanidad y una humildad que es dif\u00edcil asociar con una persona con un \u00e9xito profesional como el suyo.<\/p>\n<p style=\"text-align: justify;\">El d\u00eda siguiente s\u00ed que pude asistir a gran parte del programa e incluso intervenir en algunas de las charlas. El ambiente distendido de todo el festival se puso de manifiesto tanto entre el p\u00fablico, que fue abundante en todo momento, como entre los integrantes de las mesas. Me gustar\u00eda destacar el nuevo encuentro con Ken Liu en el que tuve el honor de participar, en esta ocasi\u00f3n centrado en su obra corta y\u00a0 su labor como traductor. De las muchas ideas que se pudieron extraer de su conversaci\u00f3n, me result\u00f3 especialmente atractiva su afirmaci\u00f3n de que el traductor debe a\u00f1adir algo a la obra, no solo transcribir las palabras, para que el esp\u00edritu del original aparezca en la traducci\u00f3n.<\/p>\n<p style=\"text-align: justify;\">Creo que es importante destacar la abnegada labor de los organizadores, que sin duda perdieron varios kilos corriendo de un lado a otro para que todo estuviera en perfecto orden de revista. Sin olvidar a los dem\u00e1s, quiero agradecer especialmente\u00a0su atenci\u00f3n constante a Pablo Bueno y a sus clones de otra realidad (sin recurrir a universos alternativos es dif\u00edcil comprender c\u00f3mo pudo estar en tantos sitios) .<\/p>\n<p style=\"text-align: justify;\">Me gustaron especialmente las charlas sobre la distop\u00eda y la ciencia ficci\u00f3n actual, aunque por regla general todas las mesas redondas me permitieron aprender algo m\u00e1s sobre mis g\u00e9neros favoritos. Encontrarte con gente con la que hablas habitualmente por las redes sociales pero que nunca has podido desvirtualizar es la mejor excusa para asistir a este tipo de reuniones, pero si encima aprendes algo, eso que te llevas en la mochila. Algunas de estas interesantes charlas estar\u00e1n disponibles en el canal YouTube de SoW, as\u00ed que aprovechad tambi\u00e9n para verlas.<\/p>\n","protected":false},"excerpt":{"rendered":"<p>Desde el 30 de septiembre al 2 de octubre tuvo lugar la primera edici\u00f3n del Festival Niebla Salamanca, al que tuve el honor de asistir. Voy a relatar mis impresiones, aunque el resumen podr\u00eda ser un : \u00a1viva la Niebla! El viernes no pude asistir al principio de los actos programados porque la distancia desde &hellip; <\/p>\n<p class=\"link-more\"><a href=\"https:\/\/www.fantasticaficcion.com\/index.php\/cronica-niebla-2016\/\" class=\"more-link\">Continuar leyendo<span class=\"screen-reader-text\"> &#8220;Cr\u00f3nica Niebla 2016&#8221;<\/span><\/a><\/p>\n","protected":false},"author":1,"featured_media":0,"comment_status":"open","ping_status":"open","sticky":false,"template":"","format":"standard","meta":{"jetpack_post_was_ever_published":false,"_jetpack_newsletter_access":"","_jetpack_dont_email_post_to_subs":false,"_jetpack_newsletter_tier_id":0,"_jetpack_memberships_contains_paywalled_content":false,"_jetpack_memberships_contains_paid_content":false,"footnotes":""},"categories":[10,5],"tags":[55,190,734],"class_list":["post-6354","post","type-post","status-publish","format-standard","hentry","category-ciencia-ficcion-2","category-fantasia","tag-ken-liu","tag-noticias","tag-pablo-bueno"],"jetpack_featured_media_url":"","jetpack_shortlink":"https:\/\/wp.me\/p5fEpk-1Eu","jetpack_sharing_enabled":true,"_links":{"self":[{"href":"https:\/\/www.fantasticaficcion.com\/index.php\/wp-json\/wp\/v2\/posts\/6354","targetHints":{"allow":["GET"]}}],"collection":[{"href":"https:\/\/www.fantasticaficcion.com\/index.php\/wp-json\/wp\/v2\/posts"}],"about":[{"href":"https:\/\/www.fantasticaficcion.com\/index.php\/wp-json\/wp\/v2\/types\/post"}],"author":[{"embeddable":true,"href":"https:\/\/www.fantasticaficcion.com\/index.php\/wp-json\/wp\/v2\/users\/1"}],"replies":[{"embeddable":true,"href":"https:\/\/www.fantasticaficcion.com\/index.php\/wp-json\/wp\/v2\/comments?post=6354"}],"version-history":[{"count":4,"href":"https:\/\/www.fantasticaficcion.com\/index.php\/wp-json\/wp\/v2\/posts\/6354\/revisions"}],"predecessor-version":[{"id":6360,"href":"https:\/\/www.fantasticaficcion.com\/index.php\/wp-json\/wp\/v2\/posts\/6354\/revisions\/6360"}],"wp:attachment":[{"href":"https:\/\/www.fantasticaficcion.com\/index.php\/wp-json\/wp\/v2\/media?parent=6354"}],"wp:term":[{"taxonomy":"category","embeddable":true,"href":"https:\/\/www.fantasticaficcion.com\/index.php\/wp-json\/wp\/v2\/categories?post=6354"},{"taxonomy":"post_tag","embeddable":true,"href":"https:\/\/www.fantasticaficcion.com\/index.php\/wp-json\/wp\/v2\/tags?post=6354"}],"curies":[{"name":"wp","href":"https:\/\/api.w.org\/{rel}","templated":true}]}}