{"id":6070,"date":"2016-08-30T05:30:05","date_gmt":"2016-08-30T05:30:05","guid":{"rendered":"http:\/\/www.fantasticaficcion.com\/?p=6070"},"modified":"2016-08-04T05:52:51","modified_gmt":"2016-08-04T05:52:51","slug":"robert-kirkman-estaria-adaptando-las-cronicas-de-ambar-para-tv","status":"publish","type":"post","link":"https:\/\/www.fantasticaficcion.com\/index.php\/robert-kirkman-estaria-adaptando-las-cronicas-de-ambar-para-tv\/","title":{"rendered":"Robert Kirkman estar\u00eda adaptando Las cr\u00f3nicas de \u00c1mbar para TV"},"content":{"rendered":"<p style=\"text-align: justify;\">Seg\u00fan <a href=\"http:\/\/www.hollywoodreporter.com\/live-feed\/walking-dead-creator-adapting-chronicles-912132\">hemos podido leer<\/a> <strong>Robert Kirkman <\/strong>estar\u00eda adaptando la saga de \u00c1mbar de Roger Zelazny para la televisi\u00f3n. El creador de The Walking Dead junto con Dave Alpert y Vincent Newman Entertainment ser\u00edan los productores de la serie.<\/p>\n<p style=\"text-align: justify;\">Las declaracion de Alpert son:<\/p>\n<blockquote>\n<p style=\"text-align: justify;\">&#8220;<em>Chronicles of Amber<\/em> is one of my favorite book series of all time, and one of my main inspirations for working in film and television. Getting to produce this project is the fulfillment of a lifelong dream. I can\u2019t wait to share this amazing story with a new generation of fans.\u201d<\/p>\n<\/blockquote>\n","protected":false},"excerpt":{"rendered":"<p>Seg\u00fan hemos podido leer Robert Kirkman estar\u00eda adaptando la saga de \u00c1mbar de Roger Zelazny para la televisi\u00f3n. El creador de The Walking Dead junto con Dave Alpert y Vincent Newman Entertainment ser\u00edan los productores de la serie. Las declaracion de Alpert son: &#8220;Chronicles of Amber is one of my favorite book series of all &hellip; <\/p>\n<p class=\"link-more\"><a href=\"https:\/\/www.fantasticaficcion.com\/index.php\/robert-kirkman-estaria-adaptando-las-cronicas-de-ambar-para-tv\/\" class=\"more-link\">Continuar leyendo<span class=\"screen-reader-text\"> &#8220;Robert Kirkman estar\u00eda adaptando Las cr\u00f3nicas de \u00c1mbar para TV&#8221;<\/span><\/a><\/p>\n","protected":false},"author":1,"featured_media":0,"comment_status":"open","ping_status":"open","sticky":false,"template":"","format":"standard","meta":{"jetpack_post_was_ever_published":false,"_jetpack_newsletter_access":"","_jetpack_dont_email_post_to_subs":false,"_jetpack_newsletter_tier_id":0,"_jetpack_memberships_contains_paywalled_content":false,"_jetpack_memberships_contains_paid_content":false,"footnotes":""},"categories":[5],"tags":[491,190,57],"class_list":["post-6070","post","type-post","status-publish","format-standard","hentry","category-fantasia","tag-adaptaciones","tag-noticias","tag-roger-zelazny"],"jetpack_featured_media_url":"","jetpack_shortlink":"https:\/\/wp.me\/p5fEpk-1zU","jetpack_sharing_enabled":true,"_links":{"self":[{"href":"https:\/\/www.fantasticaficcion.com\/index.php\/wp-json\/wp\/v2\/posts\/6070","targetHints":{"allow":["GET"]}}],"collection":[{"href":"https:\/\/www.fantasticaficcion.com\/index.php\/wp-json\/wp\/v2\/posts"}],"about":[{"href":"https:\/\/www.fantasticaficcion.com\/index.php\/wp-json\/wp\/v2\/types\/post"}],"author":[{"embeddable":true,"href":"https:\/\/www.fantasticaficcion.com\/index.php\/wp-json\/wp\/v2\/users\/1"}],"replies":[{"embeddable":true,"href":"https:\/\/www.fantasticaficcion.com\/index.php\/wp-json\/wp\/v2\/comments?post=6070"}],"version-history":[{"count":1,"href":"https:\/\/www.fantasticaficcion.com\/index.php\/wp-json\/wp\/v2\/posts\/6070\/revisions"}],"predecessor-version":[{"id":6071,"href":"https:\/\/www.fantasticaficcion.com\/index.php\/wp-json\/wp\/v2\/posts\/6070\/revisions\/6071"}],"wp:attachment":[{"href":"https:\/\/www.fantasticaficcion.com\/index.php\/wp-json\/wp\/v2\/media?parent=6070"}],"wp:term":[{"taxonomy":"category","embeddable":true,"href":"https:\/\/www.fantasticaficcion.com\/index.php\/wp-json\/wp\/v2\/categories?post=6070"},{"taxonomy":"post_tag","embeddable":true,"href":"https:\/\/www.fantasticaficcion.com\/index.php\/wp-json\/wp\/v2\/tags?post=6070"}],"curies":[{"name":"wp","href":"https:\/\/api.w.org\/{rel}","templated":true}]}}