{"id":5986,"date":"2016-07-14T05:27:45","date_gmt":"2016-07-14T05:27:45","guid":{"rendered":"http:\/\/www.fantasticaficcion.com\/?p=5986"},"modified":"2016-07-14T05:27:45","modified_gmt":"2016-07-14T05:27:45","slug":"la-piedad-del-primero","status":"publish","type":"post","link":"https:\/\/www.fantasticaficcion.com\/index.php\/la-piedad-del-primero\/","title":{"rendered":"La piedad del primero"},"content":{"rendered":"<p style=\"text-align: justify;\"><a href=\"https:\/\/www.fantasticaficcion.com\/index.php\/la-piedad-del-primero\/lapiedaddelprimero-1024x437\/\" rel=\"attachment wp-att-5987\"><img loading=\"lazy\" decoding=\"async\" class=\"aligncenter size-full wp-image-5987\" src=\"https:\/\/www.fantasticaficcion.com\/wp-content\/uploads\/2016\/06\/lapiedaddelprimero-1024x437.jpg\" alt=\"lapiedaddelprimero-1024x437\" width=\"1024\" height=\"437\" srcset=\"https:\/\/www.fantasticaficcion.com\/wp-content\/uploads\/2016\/06\/lapiedaddelprimero-1024x437.jpg 1024w, https:\/\/www.fantasticaficcion.com\/wp-content\/uploads\/2016\/06\/lapiedaddelprimero-1024x437-300x128.jpg 300w, https:\/\/www.fantasticaficcion.com\/wp-content\/uploads\/2016\/06\/lapiedaddelprimero-1024x437-768x328.jpg 768w, https:\/\/www.fantasticaficcion.com\/wp-content\/uploads\/2016\/06\/lapiedaddelprimero-1024x437-624x266.jpg 624w\" sizes=\"auto, (max-width: 767px) 89vw, (max-width: 1000px) 54vw, (max-width: 1071px) 543px, 580px\" \/><\/a><\/p>\n<p style=\"text-align: justify;\">Durante demasiado tiempo he tenido pendiente la primera novela de Pablo Bueno, pero al fin he conseguido encontrar el tiempo para ponerme con ella.<\/p>\n<p style=\"text-align: justify;\"><em><strong>La piedad del primero<\/strong><\/em> es la novela de debut del autor y, aunque no exenta de fallos, me hace albergar esperanzas sobre su carrera literaria.<\/p>\n<p style=\"text-align: justify;\">Se trata de una novela de fantas\u00eda situada en un mundo pseudomedieval, con algo de magia y bastantes escenas de acci\u00f3n. Hasta aqu\u00ed, nada nuevo bajo el sol. Quiz\u00e1 esa sea la principal cr\u00edtica que le puedo hacer al libro, que me recuerda demasiado a otras lecturas. No obstante, Pablo consigue encontrar su propio camino.<\/p>\n<p style=\"text-align: justify;\">Me gusta el lenguaje que utiliza, llano cuando hace falta y &#8220;cortesano&#8221; en otras circunstancias. La adaptaci\u00f3n de la prosa a cada situaci\u00f3n es la correcta.<\/p>\n<p style=\"text-align: justify;\">Su formaci\u00f3n como m\u00fasico es evidente en la relaci\u00f3n de la novela con la m\u00fasica, sutil pero importante (al menos a mi entender). Imagino que muchos de los s\u00edmiles usados podr\u00edan tener cabida perfectamente en una clase, pero tambi\u00e9n son adecuados en este libro.<\/p>\n<p style=\"text-align: justify;\">La parte m\u00e1s t\u00f3pica de la novela se sit\u00faa al principio, con unas figuras malvadas arrebatando a un ni\u00f1o de los brazos de su madre para lanzarlo a un duro entrenamiento del que solo sobreviven los mejores. Esto es casi el arquetipo del origen de un protagonista de una novela de fantas\u00eda \u00e9pica o de espada y brujer\u00eda.<\/p>\n<p style=\"text-align: justify;\">No obstante, conforme va evolucionando la historia nos vamos separando un poco de esta historia t\u00edpica. Me hubiera gustado que el cambio hubiera sido m\u00e1s radical, pero es posible que esta nueva senda la veamos en la segunda entrega de la trilog\u00eda. Yo por lo menos tengo intenci\u00f3n de leerla.<\/p>\n<p style=\"text-align: justify;\">En un ejercicio que cada vez me est\u00e1 gustando m\u00e1s, he compartido esta lectura. Es algo que os aconsejo si no lo hab\u00e9is hecho nunca, ya que aporta otro punto de vista y dota de m\u00e1s valor al placer de la lectura.<\/p>\n","protected":false},"excerpt":{"rendered":"<p>Durante demasiado tiempo he tenido pendiente la primera novela de Pablo Bueno, pero al fin he conseguido encontrar el tiempo para ponerme con ella. La piedad del primero es la novela de debut del autor y, aunque no exenta de fallos, me hace albergar esperanzas sobre su carrera literaria. Se trata de una novela de &hellip; <\/p>\n<p class=\"link-more\"><a href=\"https:\/\/www.fantasticaficcion.com\/index.php\/la-piedad-del-primero\/\" class=\"more-link\">Continuar leyendo<span class=\"screen-reader-text\"> &#8220;La piedad del primero&#8221;<\/span><\/a><\/p>\n","protected":false},"author":1,"featured_media":0,"comment_status":"open","ping_status":"open","sticky":false,"template":"","format":"standard","meta":{"jetpack_post_was_ever_published":false,"_jetpack_newsletter_access":"","_jetpack_dont_email_post_to_subs":false,"_jetpack_newsletter_tier_id":0,"_jetpack_memberships_contains_paywalled_content":false,"_jetpack_memberships_contains_paid_content":false,"footnotes":""},"categories":[5],"tags":[14,734,8,70],"class_list":["post-5986","post","type-post","status-publish","format-standard","hentry","category-fantasia","tag-libros-en-espanol","tag-pablo-bueno","tag-resenas","tag-sportula"],"jetpack_featured_media_url":"","jetpack_shortlink":"https:\/\/wp.me\/p5fEpk-1yy","jetpack_sharing_enabled":true,"_links":{"self":[{"href":"https:\/\/www.fantasticaficcion.com\/index.php\/wp-json\/wp\/v2\/posts\/5986","targetHints":{"allow":["GET"]}}],"collection":[{"href":"https:\/\/www.fantasticaficcion.com\/index.php\/wp-json\/wp\/v2\/posts"}],"about":[{"href":"https:\/\/www.fantasticaficcion.com\/index.php\/wp-json\/wp\/v2\/types\/post"}],"author":[{"embeddable":true,"href":"https:\/\/www.fantasticaficcion.com\/index.php\/wp-json\/wp\/v2\/users\/1"}],"replies":[{"embeddable":true,"href":"https:\/\/www.fantasticaficcion.com\/index.php\/wp-json\/wp\/v2\/comments?post=5986"}],"version-history":[{"count":4,"href":"https:\/\/www.fantasticaficcion.com\/index.php\/wp-json\/wp\/v2\/posts\/5986\/revisions"}],"predecessor-version":[{"id":6045,"href":"https:\/\/www.fantasticaficcion.com\/index.php\/wp-json\/wp\/v2\/posts\/5986\/revisions\/6045"}],"wp:attachment":[{"href":"https:\/\/www.fantasticaficcion.com\/index.php\/wp-json\/wp\/v2\/media?parent=5986"}],"wp:term":[{"taxonomy":"category","embeddable":true,"href":"https:\/\/www.fantasticaficcion.com\/index.php\/wp-json\/wp\/v2\/categories?post=5986"},{"taxonomy":"post_tag","embeddable":true,"href":"https:\/\/www.fantasticaficcion.com\/index.php\/wp-json\/wp\/v2\/tags?post=5986"}],"curies":[{"name":"wp","href":"https:\/\/api.w.org\/{rel}","templated":true}]}}