{"id":5758,"date":"2016-07-08T06:30:29","date_gmt":"2016-07-08T06:30:29","guid":{"rendered":"http:\/\/www.fantasticaficcion.com\/?p=5758"},"modified":"2016-06-29T10:10:52","modified_gmt":"2016-06-29T10:10:52","slug":"portada-de-luna-wolf-moon-2","status":"publish","type":"post","link":"https:\/\/www.fantasticaficcion.com\/index.php\/portada-de-luna-wolf-moon-2\/","title":{"rendered":"Portada de Luna : Wolf Moon"},"content":{"rendered":"<p style=\"text-align: justify;\"><a href=\"http:\/\/www.gollancz.co.uk\/2016\/04\/cover-reveal-luna-wolf-moon\/\">Aqu\u00ed os traigo la portada<\/a> de la edici\u00f3n de Gollancz de uno de los libros m\u00e1s esperados del a\u00f1os, <strong>Luna : Wolf Moon.<\/strong><\/p>\n<p style=\"text-align: justify;\"><a href=\"https:\/\/www.fantasticaficcion.com\/?attachment_id=5759\" rel=\"attachment wp-att-5759\"><img loading=\"lazy\" decoding=\"async\" class=\"aligncenter size-full wp-image-5759\" src=\"https:\/\/www.fantasticaficcion.com\/wp-content\/uploads\/2016\/05\/LUNA-WOLF-MOON-671x1024.jpg\" alt=\"LUNA-WOLF-MOON-671x1024\" width=\"671\" height=\"1024\" srcset=\"https:\/\/www.fantasticaficcion.com\/wp-content\/uploads\/2016\/05\/LUNA-WOLF-MOON-671x1024.jpg 671w, https:\/\/www.fantasticaficcion.com\/wp-content\/uploads\/2016\/05\/LUNA-WOLF-MOON-671x1024-197x300.jpg 197w, https:\/\/www.fantasticaficcion.com\/wp-content\/uploads\/2016\/05\/LUNA-WOLF-MOON-671x1024-624x952.jpg 624w\" sizes=\"auto, (max-width: 671px) 100vw, 671px\" \/><\/a>\u00bfQu\u00e9 os parece?<\/p>\n","protected":false},"excerpt":{"rendered":"<p>Aqu\u00ed os traigo la portada de la edici\u00f3n de Gollancz de uno de los libros m\u00e1s esperados del a\u00f1os, Luna : Wolf Moon. \u00bfQu\u00e9 os parece?<\/p>\n","protected":false},"author":1,"featured_media":0,"comment_status":"open","ping_status":"open","sticky":false,"template":"","format":"standard","meta":{"jetpack_post_was_ever_published":false,"_jetpack_newsletter_access":"","_jetpack_dont_email_post_to_subs":false,"_jetpack_newsletter_tier_id":0,"_jetpack_memberships_contains_paywalled_content":false,"_jetpack_memberships_contains_paid_content":false,"footnotes":""},"categories":[10],"tags":[677,190,96],"class_list":["post-5758","post","type-post","status-publish","format-standard","hentry","category-ciencia-ficcion-2","tag-ian-macdonald","tag-noticias","tag-portadas"],"jetpack_featured_media_url":"","jetpack_shortlink":"https:\/\/wp.me\/p5fEpk-1uS","jetpack_sharing_enabled":true,"_links":{"self":[{"href":"https:\/\/www.fantasticaficcion.com\/index.php\/wp-json\/wp\/v2\/posts\/5758","targetHints":{"allow":["GET"]}}],"collection":[{"href":"https:\/\/www.fantasticaficcion.com\/index.php\/wp-json\/wp\/v2\/posts"}],"about":[{"href":"https:\/\/www.fantasticaficcion.com\/index.php\/wp-json\/wp\/v2\/types\/post"}],"author":[{"embeddable":true,"href":"https:\/\/www.fantasticaficcion.com\/index.php\/wp-json\/wp\/v2\/users\/1"}],"replies":[{"embeddable":true,"href":"https:\/\/www.fantasticaficcion.com\/index.php\/wp-json\/wp\/v2\/comments?post=5758"}],"version-history":[{"count":1,"href":"https:\/\/www.fantasticaficcion.com\/index.php\/wp-json\/wp\/v2\/posts\/5758\/revisions"}],"predecessor-version":[{"id":5760,"href":"https:\/\/www.fantasticaficcion.com\/index.php\/wp-json\/wp\/v2\/posts\/5758\/revisions\/5760"}],"wp:attachment":[{"href":"https:\/\/www.fantasticaficcion.com\/index.php\/wp-json\/wp\/v2\/media?parent=5758"}],"wp:term":[{"taxonomy":"category","embeddable":true,"href":"https:\/\/www.fantasticaficcion.com\/index.php\/wp-json\/wp\/v2\/categories?post=5758"},{"taxonomy":"post_tag","embeddable":true,"href":"https:\/\/www.fantasticaficcion.com\/index.php\/wp-json\/wp\/v2\/tags?post=5758"}],"curies":[{"name":"wp","href":"https:\/\/api.w.org\/{rel}","templated":true}]}}