{"id":5731,"date":"2016-05-04T05:40:52","date_gmt":"2016-05-04T05:40:52","guid":{"rendered":"http:\/\/www.fantasticaficcion.com\/?p=5731"},"modified":"2016-05-04T05:40:52","modified_gmt":"2016-05-04T05:40:52","slug":"nominados-premios-ignotus-2016","status":"publish","type":"post","link":"https:\/\/www.fantasticaficcion.com\/index.php\/nominados-premios-ignotus-2016\/","title":{"rendered":"Nominados premios Ignotus 2016"},"content":{"rendered":"<p style=\"text-align: justify;\">Es temporada alta de premios y eso significa que va a haber varias entradas como esta. Aqu\u00ed os traigo los nominados a <a href=\"http:\/\/www.aefcft.com\/nominaciones-a-los-premios-ignotus-2016\/\">los premios Ignotus este a\u00f1o<\/a>.<\/p>\n<p style=\"text-align: justify;\"><strong>Novela<\/strong><br \/>\n<em><strong>Challenger<\/strong><\/em>, de Guillem L\u00f3pez (Ed. Aristas Mart\u00ednez)<br \/>\n<em><strong>Disforia<\/strong><\/em>, de David Jasso (Ed. Valdemar)<br \/>\n<em><strong>Neimhaim<\/strong><\/em>, de Ar\u00e1nzazu Serrano (Ed. Fantascy)<br \/>\n<a href=\"https:\/\/www.fantasticaficcion.com\/index.php\/nos-mienten\/\"><em><strong>Nos mienten<\/strong><\/em><\/a>, de Eduardo Vaquerizo (Ed. Fantascy)<br \/>\n<em><strong>Pronto ser\u00e1 de noche<\/strong><\/em>, de Jes\u00fas Ca\u00f1adas (Ed. Valdemar)<\/p>\n<p style=\"text-align: justify;\"><strong>Novela corta<\/strong><br \/>\n<em><strong>Alma y el poeta<\/strong><\/em>, de Jos\u00e9 Mar\u00eda Tamparillas (Ed. Dissident Tales)<br \/>\n\u201cBultzatu\u201d, de Ekaitz Ortega. En <em><strong>Mariposas del Oeste<\/strong><\/em> (Ed. Sportula)<br \/>\n\u201cEl traductor de dios\u201d, de Javier Casta\u00f1eda de la Torre. En <em><strong>Mariposas del Oeste<\/strong><\/em> (Ed. Sportula)<br \/>\n<em><strong>La suerte del dios hambriento<\/strong><\/em>, de M. C. Arellano (Ed. Sportula)<br \/>\n\u201cNaturaleza humana\u201d, de C\u00e9sar Mallorqu\u00ed. En <em><strong>Trece Monos<\/strong> <\/em>(Ed. Fantascy)<br \/>\n<em><strong>Sirenas de dientes blancos<\/strong><\/em>, de Daniel P. Espinosa (Ed. Palabras de Agua)<\/p>\n<p style=\"text-align: justify;\"><strong>Cuento<\/strong><br \/>\n\u201cEden Ranch\u201d, de Pedro Pablo de Andr\u00e9s Correas. En TerBi 10 (Ed. Asociaci\u00f3n Vasca de Ciencia-Ficci\u00f3n, Fantas\u00eda y Terror)<br \/>\n\u201cEl abismo mec\u00e1nico\u201d, de Javier Casta\u00f1eda de la Torre. En <em><strong>El abismo mec\u00e1nico<\/strong><\/em> (Ed. C\u00e1pside)<br \/>\n\u201cFiat tenebrae\u201d, de C\u00e9sar Mallorqu\u00ed, En <em><strong>Trece Monos<\/strong><\/em> (Ed. Fantascy)<br \/>\n\u201cLa bestia humana de Birkenau\u201d, de Sergio Mars. En <em><strong>Mariposas del Oeste<\/strong><\/em> (Ed. Sportula)<br \/>\n\u201cLos r\u00e1pidos azules\u201d, de Juan Gonz\u00e1lez Mesa. En SuperSonic 3 (Ed. Cristina Jurado)<br \/>\n\u201cPiso veintisiete\u201d, de Rodolfo Mart\u00ednez. En Delirio 16 (Ed. La Biblioteca del Laberinto)<\/p>\n<p style=\"text-align: justify;\"><strong>Antolog\u00eda<\/strong><br \/>\n<em><strong>A la deriva en el Mar de las Lluvias<\/strong><\/em>, selecci\u00f3n de Mariano Villarreal (Ed. Sportula)<br \/>\n<em><strong>Cuentos para Algernon A\u00f1o III<\/strong><\/em>, recopilaci\u00f3n de Marcheto (https:\/\/cuentosparaalgernon.wordpress.com)<br \/>\n<em><strong>El abismo mec\u00e1nico<\/strong><\/em>, recopilaci\u00f3n de Sergio Mars y Vicente Hern\u00e1ndiz (Ed. C\u00e1pside)<br \/>\n<em><strong>Mariposas del Oeste<\/strong><\/em>, recopilaci\u00f3n de Mariano Villarreal (Ed. Sportula)<br \/>\n<a href=\"https:\/\/www.fantasticaficcion.com\/index.php\/trece-monos\/\"><em><strong>Trece Monos<\/strong><\/em><\/a>, de C\u00e9sar Mallorqu\u00ed (Ed. Fantascy)<\/p>\n<p style=\"text-align: justify;\"><strong>Libro de Ensayo<\/strong><br \/>\n<em><strong>Ciencia Ficci\u00f3n. Nueva Gu\u00eda de Lectura<\/strong><\/em>, de Miquel Barcel\u00f3 (Ed. B)<br \/>\n<em><strong>El jard\u00edn crepuscular<\/strong><\/em>, de John Clute (Ed. Gigamesh)<br \/>\n<em><strong>El mundo de Hielo y Fuego<\/strong><\/em>, de George R. R. Martin, Elio M. Garc\u00eda, Jr. y Linda Antonsson (Ed. Gigamesh)<br \/>\n<em><strong>Est\u00e1 lleno de estrellas<\/strong><\/em>, de Rafael Mar\u00edn (Ed. Cyberdark)<br \/>\n<em><strong>Yo soy m\u00e1s de series<\/strong><\/em>, coordinado por Fernando \u00c1ngel Moreno y V\u00edctor Miguel Gallardo (Ed. Esdr\u00fajula)<\/p>\n<p style=\"text-align: justify;\"><strong>Art\u00edculo<\/strong><br \/>\n\u201cAll Your Short Are Belong to Us\u201d, de El\u00edas F. Combarro. En SuperSonic 1, 2, 3 (Ed. Cristina Jurado)<br \/>\n\u201cAntolog\u00edas de ciencia ficci\u00f3n en Espa\u00f1a\u201d, de Cristina Jurado. En SuperSonic 1 (Ed. Cristina Jurado)<br \/>\n\u201cEl a\u00f1o que se rompieron los premios Hugo\u201d, de Cristina Jurado. En SuperSonic 2 (Ed. Cristina Jurado)<br \/>\n\u201cEn defensa de la narrativa breve\u201d, de Mariano Villarreal. En <em><strong>Mariposas del Oeste<\/strong><\/em> (Ed. Sportula)<br \/>\n\u201cLa fuerza de la galaxia\u201d, de Luis Alfonso G\u00e1mez. En El Correo. Secci\u00f3n cultura. D\u00eda 18-12-2015)<br \/>\n\u201cRese\u00f1a de Running from the Raptor\u201d, de Antonio D\u00edaz, En Sense of Wonder (http:\/\/sentidodelamaravilla.blogspot.com.es\/2015\/09\/anotnio-diaz-resena-running-from-raptor.html)<\/p>\n<p style=\"text-align: justify;\"><strong>Ilustraci\u00f3n<\/strong><br \/>\nBabero de la VI Cal\u00e7otada Friki, de Enrique Corominas<br \/>\nCubierta de A la deriva en el Mar de las Lluvias, de Alex Popescu (Ed. Sportula)<br \/>\nCubierta de Mariposas del Oeste, de Juan Miguel Aguilera (Ed. Sportula)<br \/>\nCubierta de SuperSonic 1, de Marina Vidal (Ed. Cristina Jurado)<br \/>\nCubierta de Ter\u00e1polis, de Koldo Campo (Ed. Juan Jos\u00e9 Aroz)<\/p>\n<p style=\"text-align: justify;\"><strong>Producci\u00f3n audiovisual<\/strong><br \/>\nEl Ministerio del Tiempo, de Pablo y Javier Olivares (guion); Onza Partners (producci\u00f3n). Serie<br \/>\nExtinction, de Miguel \u00c1ngel Vivas (director); Vaca Films, La Ferme! Productions, Ombra Films, Telefonica Studios, Laokoon Filmgroup (productores). Largometraje<br \/>\nLos VerdHugos, de Miquel Codony, El\u00edas F. Combarro, Leticia Lara, Josep Mar\u00eda Oriol y Pedro Rom\u00e1n (http:\/\/verdhugos.blogspot.com.es). Podcast<br \/>\nLuces en el horizonte, de Luis Mart\u00ednez Vall\u00e9s y Pablo Ur\u00eda. Radio<br \/>\nThe Spoiler Club, de Alexander P\u00e1ez, Jes\u00fas Ca\u00f1adas y Miquel Codony (https:\/\/www.youtube.com\/channel\/UCp3U2b3MmK0sCeFeFBu4I2w). Videocast<\/p>\n<p style=\"text-align: justify;\"><strong>Tebeo<\/strong><br \/>\nNecr\u00f3polis, de Marcos Prior (Ed. Astiberri)<br \/>\nSaga, de Brian K. Vaughan y Fiona Staples (Ed. Planeta de Agostini)<br \/>\n\u00a1Universo!, de Albert Monteys (Ed. Panel Syndicate)<\/p>\n<p style=\"text-align: justify;\"><strong>Revista<\/strong><br \/>\nBarsoom. Ed. Barsoom<br \/>\nDelirio. Ed. La Biblioteca del Laberinto<br \/>\nmiNatura. Ed. Ricardo Acevedo Esplugas<br \/>\nPlanetas Prohibidos. Ed. J. Javier Arnau<br \/>\nSable. Ed. Asociaci\u00f3n Cultural Tusitala<br \/>\nVuelo de Cuervos. Ed. Lorena Raven y Soraya Murillo<\/p>\n<p style=\"text-align: justify;\"><strong>Novela extranjera<\/strong><br \/>\n<a href=\"https:\/\/www.fantasticaficcion.com\/index.php\/ancillary-justice\/\"><em><strong>Justicia Auxiliar<\/strong><\/em><\/a>, de Anne Lekie (Ed. B)<br \/>\nFantasma, de Laura Lee Bahr (Ed. Orciny Press)<br \/>\n<em><strong>Las primeras quince vidas de Harry August<\/strong><\/em>, de Claire North (Ed. Colmena)<br \/>\n<em><strong>Medio rey,<\/strong><\/em> de Joe Abercrombie (Ed. Fantascy)<br \/>\n<em><strong>Medio mundo<\/strong><\/em>, de Joe Abercrombie (Ed. Fantascy)<\/p>\n<p style=\"text-align: justify;\"><strong>Cuento extranjero<\/strong><br \/>\n<a href=\"https:\/\/www.fantasticaficcion.com\/index.php\/adrift-on-the-sea-of-rains\/\">\u201cA la deriva en el Mar de las Lluvias\u201d,<\/a> de <a href=\"https:\/\/www.fantasticaficcion.com\/index.php\/entrevista-a-ian-sales\/\">Ian Sales<\/a>. En<em><strong> A la deriva en el Mar de las Lluvias<\/strong><\/em> (Ed. Sportula)<br \/>\n\u201cAlgoritmos para el amor\u201d, de Ken Liu. En <em><strong>A la deriva en el mar de las Lluvias<\/strong><\/em> (Ed. Sportula)<br \/>\n\u201cLa se\u00f1ora astronauta de Marte\u201d, de Mary Robinette Kowal. En <em><strong>A la deriva en el Mar de las Lluvias<\/strong><\/em> (Ed. Sportula)<br \/>\n\u201cLa verdad de los hechos, la verdad del coraz\u00f3n\u201d, de Ted Chiang. En<em><strong> A la deriva en el Mar de las Lluvias<\/strong> <\/em>(Ed. Sportula)<br \/>\n\u201cRegreso a casa\u201d, de Mike Resnick. En<em><strong> A la deriva en el mar de las Lluvias<\/strong><\/em> (Ed. Sportula)<\/p>\n<p style=\"text-align: justify;\"><strong>Sitio Web<\/strong><br \/>\nCuentos para Algernon, de Marcheto (https:\/\/cuentosparaalgernon.wordpress.com)<br \/>\nEnciclopedia wiki de ciencia ficci\u00f3n, de la Asociaci\u00f3n Alt+64 (http:\/\/www.alt64.org\/wiki\/index.php\/Portada)<br \/>\nFant\u00edfica, de Manu Viciano, David Tejera, Lorenzo Mart\u00ednez, Sergi Viciana y Laura Fern\u00e1ndez (http:\/\/www.fantifica.com)<br \/>\nGabriella Literaria, de Gabriella Campbell (http:\/\/www.gabriellaliteraria.com)<br \/>\nLa Tercera Fundaci\u00f3n, de la Asociaci\u00f3n Cultural Los Conseguidores (http:\/\/www.tercerafundacion.net)<br \/>\nLiteratura Fant\u00e1stica, de Mariano Villarreal (http:\/\/literfan.cyberdark.net)<br \/>\nSense of Wonder, de El\u00edas F. Combarro (http:\/\/sentidodelamaravilla.blogspot.com.es)<\/p>\n<p style=\"text-align: justify;\">\u00a1Enhorabuena a los nominados y gracias por la parte que me toca!<\/p>\n","protected":false},"excerpt":{"rendered":"<p>Es temporada alta de premios y eso significa que va a haber varias entradas como esta. Aqu\u00ed os traigo los nominados a los premios Ignotus este a\u00f1o. Novela Challenger, de Guillem L\u00f3pez (Ed. Aristas Mart\u00ednez) Disforia, de David Jasso (Ed. Valdemar) Neimhaim, de Ar\u00e1nzazu Serrano (Ed. Fantascy) Nos mienten, de Eduardo Vaquerizo (Ed. Fantascy) Pronto &hellip; <\/p>\n<p class=\"link-more\"><a href=\"https:\/\/www.fantasticaficcion.com\/index.php\/nominados-premios-ignotus-2016\/\" class=\"more-link\">Continuar leyendo<span class=\"screen-reader-text\"> &#8220;Nominados premios Ignotus 2016&#8221;<\/span><\/a><\/p>\n","protected":false},"author":1,"featured_media":0,"comment_status":"open","ping_status":"open","sticky":false,"template":"","format":"standard","meta":{"jetpack_post_was_ever_published":false,"_jetpack_newsletter_access":"","_jetpack_dont_email_post_to_subs":false,"_jetpack_newsletter_tier_id":0,"_jetpack_memberships_contains_paywalled_content":false,"_jetpack_memberships_contains_paid_content":false,"footnotes":""},"categories":[10,5],"tags":[190,80,604],"class_list":["post-5731","post","type-post","status-publish","format-standard","hentry","category-ciencia-ficcion-2","category-fantasia","tag-noticias","tag-premios","tag-premios-ignotus"],"jetpack_featured_media_url":"","jetpack_shortlink":"https:\/\/wp.me\/p5fEpk-1ur","jetpack_sharing_enabled":true,"_links":{"self":[{"href":"https:\/\/www.fantasticaficcion.com\/index.php\/wp-json\/wp\/v2\/posts\/5731","targetHints":{"allow":["GET"]}}],"collection":[{"href":"https:\/\/www.fantasticaficcion.com\/index.php\/wp-json\/wp\/v2\/posts"}],"about":[{"href":"https:\/\/www.fantasticaficcion.com\/index.php\/wp-json\/wp\/v2\/types\/post"}],"author":[{"embeddable":true,"href":"https:\/\/www.fantasticaficcion.com\/index.php\/wp-json\/wp\/v2\/users\/1"}],"replies":[{"embeddable":true,"href":"https:\/\/www.fantasticaficcion.com\/index.php\/wp-json\/wp\/v2\/comments?post=5731"}],"version-history":[{"count":1,"href":"https:\/\/www.fantasticaficcion.com\/index.php\/wp-json\/wp\/v2\/posts\/5731\/revisions"}],"predecessor-version":[{"id":5732,"href":"https:\/\/www.fantasticaficcion.com\/index.php\/wp-json\/wp\/v2\/posts\/5731\/revisions\/5732"}],"wp:attachment":[{"href":"https:\/\/www.fantasticaficcion.com\/index.php\/wp-json\/wp\/v2\/media?parent=5731"}],"wp:term":[{"taxonomy":"category","embeddable":true,"href":"https:\/\/www.fantasticaficcion.com\/index.php\/wp-json\/wp\/v2\/categories?post=5731"},{"taxonomy":"post_tag","embeddable":true,"href":"https:\/\/www.fantasticaficcion.com\/index.php\/wp-json\/wp\/v2\/tags?post=5731"}],"curies":[{"name":"wp","href":"https:\/\/api.w.org\/{rel}","templated":true}]}}