{"id":5658,"date":"2016-04-18T05:28:22","date_gmt":"2016-04-18T05:28:22","guid":{"rendered":"http:\/\/www.fantasticaficcion.com\/?p=5658"},"modified":"2016-04-18T05:28:22","modified_gmt":"2016-04-18T05:28:22","slug":"la-patrulla-del-tiempo","status":"publish","type":"post","link":"https:\/\/www.fantasticaficcion.com\/index.php\/la-patrulla-del-tiempo\/","title":{"rendered":"La patrulla del tiempo"},"content":{"rendered":"<p style=\"text-align: justify;\"><a href=\"https:\/\/www.fantasticaficcion.com\/index.php\/la-patrulla-del-tiempo\/p-la-patrulla-del-tiempo\/\" rel=\"attachment wp-att-5659\"><img loading=\"lazy\" decoding=\"async\" class=\"alignright size-medium wp-image-5659\" src=\"https:\/\/www.fantasticaficcion.com\/wp-content\/uploads\/2016\/04\/p-LA-PATRULLA-DEL-TIEMPO-194x300.jpg\" alt=\"p-LA-PATRULLA-DEL-TIEMPO\" width=\"194\" height=\"300\" srcset=\"https:\/\/www.fantasticaficcion.com\/wp-content\/uploads\/2016\/04\/p-LA-PATRULLA-DEL-TIEMPO-194x300.jpg 194w, https:\/\/www.fantasticaficcion.com\/wp-content\/uploads\/2016\/04\/p-LA-PATRULLA-DEL-TIEMPO-768x1190.jpg 768w, https:\/\/www.fantasticaficcion.com\/wp-content\/uploads\/2016\/04\/p-LA-PATRULLA-DEL-TIEMPO-661x1024.jpg 661w, https:\/\/www.fantasticaficcion.com\/wp-content\/uploads\/2016\/04\/p-LA-PATRULLA-DEL-TIEMPO-624x967.jpg 624w, https:\/\/www.fantasticaficcion.com\/wp-content\/uploads\/2016\/04\/p-LA-PATRULLA-DEL-TIEMPO.jpg 1805w\" sizes=\"auto, (max-width: 194px) 100vw, 194px\" \/><\/a>Auspiciado por el \u00e9xito de <a href=\"http:\/\/www.rtve.es\/television\/ministerio-del-tiempo\/\"><strong>El Ministerio del Tiempo<\/strong><\/a>, Nova ha decidido publicar una edici\u00f3n de lujo de <em><strong>La Patrulla del Tiempo, <\/strong><\/em>la obra de Poul Anderson que puede considerarse, salvando las distancias, el germen de la serie de televisi\u00f3n.<\/p>\n<p style=\"text-align: justify;\">Los relatos contenidos en esta edici\u00f3n son pr\u00e1cticamente todos los que el autor escribi\u00f3 sobre el tema, por lo que aunque no es la recopilaci\u00f3n &#8220;definitiva&#8221; s\u00ed que es una buena forma de reunir pr\u00e1cticamente toda la historia de Manse Everard, el protagonista.<\/p>\n<p style=\"text-align: justify;\">Siendo justos, hay que leer esta obra desde la perspectiva del tiempo transcurrido desde su publicaci\u00f3n. Lo que quiz\u00e1 hace cincuenta a\u00f1os fue muy novedoso, ahora es un recurso visto hasta la saciedad. Anderson tambi\u00e9n utiliza casi siempre la misma estructura en los relatos, por lo que es aconsejable no leerlos todos seguidos, so pena de caer en la repetici\u00f3n y el aburrimiento.<\/p>\n<p style=\"text-align: justify;\">Le\u00eddos como entes individuales, se trata de historias entretenidas aunque previsibles. Los puntos en los que se basan los cambios en el continuo temporal que tienen que arreglar los patrulleros son diversos, aunque siempre basados en la cultura occidental. Desprende cierto paternalismo americano aderezado de unas gotas de machismo que se me ha atragantado, a\u00fan haciendo el esfuerzo por contextualizar que he mencionado anteriormente.<\/p>\n<p style=\"text-align: justify;\">Sin embargo, el mayor problema que me he encontrado es la edici\u00f3n en s\u00ed. Para ser un producto de lujo, hay demasiadas erratas en la correcci\u00f3n. Desde llamar Cortez a Hern\u00e1n Cort\u00e9s a errores tipogr\u00e1ficos m\u00e1s obvios como &#8220;wsta&#8221; en vez de &#8220;esta&#8221;. De hecho, la traducci\u00f3n de Pedro Jorge Romero me ha chirr\u00edado en ocasiones, como en la frase &#8220;\u00a1Manzanas de caballo!&#8221;, que no estoy segura de qu\u00e9 quer\u00eda decir. Por desgracia, es que hasta el \u00edndice est\u00e1 descoordinado, los relatos no aparecen en la p\u00e1gina que se muestra.<\/p>\n<p style=\"text-align: justify;\">Es por esto que no puedo recomendar <em><strong>La Patrulla del Tiempo,<\/strong><\/em> salvo como una lectura anecd\u00f3tica. Me parece una oportunidad perdida de abrir el campo de la ciencia ficci\u00f3n a nuevos lectores.<\/p>\n","protected":false},"excerpt":{"rendered":"<p>Auspiciado por el \u00e9xito de El Ministerio del Tiempo, Nova ha decidido publicar una edici\u00f3n de lujo de La Patrulla del Tiempo, la obra de Poul Anderson que puede considerarse, salvando las distancias, el germen de la serie de televisi\u00f3n. Los relatos contenidos en esta edici\u00f3n son pr\u00e1cticamente todos los que el autor escribi\u00f3 sobre &hellip; <\/p>\n<p class=\"link-more\"><a href=\"https:\/\/www.fantasticaficcion.com\/index.php\/la-patrulla-del-tiempo\/\" class=\"more-link\">Continuar leyendo<span class=\"screen-reader-text\"> &#8220;La patrulla del tiempo&#8221;<\/span><\/a><\/p>\n","protected":false},"author":1,"featured_media":0,"comment_status":"open","ping_status":"open","sticky":false,"template":"","format":"standard","meta":{"jetpack_post_was_ever_published":false,"_jetpack_newsletter_access":"","_jetpack_dont_email_post_to_subs":false,"_jetpack_newsletter_tier_id":0,"_jetpack_memberships_contains_paywalled_content":false,"_jetpack_memberships_contains_paid_content":false,"footnotes":""},"categories":[10,24],"tags":[14,235,8],"class_list":["post-5658","post","type-post","status-publish","format-standard","hentry","category-ciencia-ficcion-2","category-relatos-cortos","tag-libros-en-espanol","tag-poul-anderson","tag-resenas"],"jetpack_featured_media_url":"","jetpack_shortlink":"https:\/\/wp.me\/p5fEpk-1tg","jetpack_sharing_enabled":true,"_links":{"self":[{"href":"https:\/\/www.fantasticaficcion.com\/index.php\/wp-json\/wp\/v2\/posts\/5658","targetHints":{"allow":["GET"]}}],"collection":[{"href":"https:\/\/www.fantasticaficcion.com\/index.php\/wp-json\/wp\/v2\/posts"}],"about":[{"href":"https:\/\/www.fantasticaficcion.com\/index.php\/wp-json\/wp\/v2\/types\/post"}],"author":[{"embeddable":true,"href":"https:\/\/www.fantasticaficcion.com\/index.php\/wp-json\/wp\/v2\/users\/1"}],"replies":[{"embeddable":true,"href":"https:\/\/www.fantasticaficcion.com\/index.php\/wp-json\/wp\/v2\/comments?post=5658"}],"version-history":[{"count":3,"href":"https:\/\/www.fantasticaficcion.com\/index.php\/wp-json\/wp\/v2\/posts\/5658\/revisions"}],"predecessor-version":[{"id":5675,"href":"https:\/\/www.fantasticaficcion.com\/index.php\/wp-json\/wp\/v2\/posts\/5658\/revisions\/5675"}],"wp:attachment":[{"href":"https:\/\/www.fantasticaficcion.com\/index.php\/wp-json\/wp\/v2\/media?parent=5658"}],"wp:term":[{"taxonomy":"category","embeddable":true,"href":"https:\/\/www.fantasticaficcion.com\/index.php\/wp-json\/wp\/v2\/categories?post=5658"},{"taxonomy":"post_tag","embeddable":true,"href":"https:\/\/www.fantasticaficcion.com\/index.php\/wp-json\/wp\/v2\/tags?post=5658"}],"curies":[{"name":"wp","href":"https:\/\/api.w.org\/{rel}","templated":true}]}}