{"id":5558,"date":"2016-03-24T06:30:38","date_gmt":"2016-03-24T06:30:38","guid":{"rendered":"http:\/\/www.fantasticaficcion.com\/?p=5558"},"modified":"2016-03-14T13:55:55","modified_gmt":"2016-03-14T13:55:55","slug":"nominados-a-los-premios-del-34-salon-del-comic-de-barcelona","status":"publish","type":"post","link":"https:\/\/www.fantasticaficcion.com\/index.php\/nominados-a-los-premios-del-34-salon-del-comic-de-barcelona\/","title":{"rendered":"Nominados a los Premios del 34 Sal\u00f3n del C\u00f3mic de Barcelona"},"content":{"rendered":"<p style=\"text-align: justify;\">Se han dado a conocer los nominados a los <a href=\"http:\/\/Premios del 34 Sal\u00f3n del C\u00f3mic de Barcelona\" target=\"_blank\">Premios del 34 Sal\u00f3n del C\u00f3mic de Barcelona<\/a>, son los siguientes:<\/p>\n<p style=\"text-align: justify;\"><strong>Mejor obra de autor\/autora espa\u00f1ol\/a publicada en Espa\u00f1a en 2015<\/strong><\/p>\n<p style=\"text-align: justify;\"><em><strong>Barcelona. Los vagabundos de la chatarra<\/strong><\/em> de Jorge Carri\u00f3n y Sagar (Norma Editorial)<br \/>\n<em><strong>Corto Malt\u00e9s. Bajo el sol de medianoche<\/strong><\/em> de Juan D\u00edaz Canales y Rub\u00e9n Pellejero (Norma Editorial)<br \/>\n<em><strong>El fantasma de Gaud\u00ed<\/strong><\/em> de El Torres y Jes\u00fas Alonso Iglesias (Dibbuks)<br \/>\n<em><strong>El mundo a tus pies<\/strong><\/em> de Nadar (Astiberri Ediciones)<br \/>\n<em><strong>\u00a1Garc\u00eda! 1<\/strong> <\/em>de Santiago Garc\u00eda y Lu\u00eds Bustos (Astiberri Ediciones)<br \/>\n<em><strong>La balada del norte. Tomo 1<\/strong><\/em> de Alfonso Zapico (Astiberri Ediciones)<br \/>\n<em><strong>La casa <\/strong><\/em>de Paco Roca (Astiberri Ediciones)<br \/>\n<em><strong>La casa. Cr\u00f3nica de una conquista<\/strong><\/em> de Daniel Torres (Norma Editorial)<br \/>\n<em><strong>La \u00faltima aventura <\/strong><\/em>de Josep Busquet y Javi de Castro (Dibbuks)<br \/>\nRituales de \u00c1lvaro Ortiz (Astiberri Ediciones)<\/p>\n<p><strong>Mejor obra de autor\/autora extranjero\/a publicada en Espa\u00f1a en 2015<\/strong><\/p>\n<p style=\"text-align: justify;\"><em><strong>Aqu\u00ed<\/strong> <\/em>de Richard McGuire (Salamandra Graphic)<br \/>\n<strong><em>Chapuzas de amor <\/em><\/strong>de Jaime Hern\u00e1ndez (Ediciones La C\u00fapula)<br \/>\n<em><strong>Cruzando el bosque<\/strong><\/em> de Emily Carroll (Roca Editorial)<br \/>\n<em><strong>El \u00e1rabe del futuro <\/strong><\/em>de Riad Sattouf (Salamandra Graphic)<br \/>\n<em><strong>El escultor<\/strong><\/em> de Scott McCloud (Planeta C\u00f3mic)<br \/>\n<em><strong>El hombre sin talento<\/strong> <\/em>de Yoshiharu Tsuge (Gallo Nero)<br \/>\n<em><strong>Julie Doucet. C\u00f3mics (1986-1993)<\/strong><\/em> de Julie Doucet (Fulgencio Pimentel)<br \/>\n<em><strong>Last man 4<\/strong> <\/em>de Balak, Sanlaville y Viv\u00e9s (Di\u00e1bolo Ediciones)<br \/>\n<em><strong>Tyler Cross 2: Angola<\/strong><\/em> de Fabien Nury y Br\u00fcno (Dibbuks)<br \/>\n<em><strong><a href=\"https:\/\/www.fantasticaficcion.com\/index.php\/el-botones-de-verde-caqui\/\" target=\"_blank\">Una aventura de Spirou. El botones de verde caqui<\/a> <\/strong><\/em>de Yann y Olivier Schwartz (Dibbuks)<\/p>\n<p><strong>Autor\/Autora revelaci\u00f3n espa\u00f1ol\/a del 2015\u00a0\u00a0\u00a0\u00a0\u00a0\u00a0\u00a0<\/strong><\/p>\n<p style=\"text-align: justify;\">Cristian Robles<br \/>\nJavi de Castro<br \/>\nJorge Monlongo<br \/>\nMai Egurza<br \/>\nNadar<\/p>\n<p><strong>Mejor fanzine espa\u00f1ol del 2015<\/strong><\/p>\n<p style=\"text-align: justify;\">Fanzipote<br \/>\nLa gallina vasca<br \/>\nNimio<br \/>\nParanoidland<br \/>\nZocalo Fanzine<\/p>\n<p style=\"text-align: justify;\">\u00a1Enhorabuena a los nominados!<\/p>\n","protected":false},"excerpt":{"rendered":"<p>Se han dado a conocer los nominados a los Premios del 34 Sal\u00f3n del C\u00f3mic de Barcelona, son los siguientes: Mejor obra de autor\/autora espa\u00f1ol\/a publicada en Espa\u00f1a en 2015 Barcelona. Los vagabundos de la chatarra de Jorge Carri\u00f3n y Sagar (Norma Editorial) Corto Malt\u00e9s. Bajo el sol de medianoche de Juan D\u00edaz Canales y &hellip; <\/p>\n<p class=\"link-more\"><a href=\"https:\/\/www.fantasticaficcion.com\/index.php\/nominados-a-los-premios-del-34-salon-del-comic-de-barcelona\/\" class=\"more-link\">Continuar leyendo<span class=\"screen-reader-text\"> &#8220;Nominados a los Premios del 34 Sal\u00f3n del C\u00f3mic de Barcelona&#8221;<\/span><\/a><\/p>\n","protected":false},"author":1,"featured_media":0,"comment_status":"open","ping_status":"open","sticky":false,"template":"","format":"standard","meta":{"jetpack_post_was_ever_published":false,"_jetpack_newsletter_access":"","_jetpack_dont_email_post_to_subs":false,"_jetpack_newsletter_tier_id":0,"_jetpack_memberships_contains_paywalled_content":false,"_jetpack_memberships_contains_paid_content":false,"footnotes":""},"categories":[62],"tags":[190,80,382],"class_list":["post-5558","post","type-post","status-publish","format-standard","hentry","category-comic","tag-noticias","tag-premios","tag-premios-salon-del-comic-barcelona"],"jetpack_featured_media_url":"","jetpack_shortlink":"https:\/\/wp.me\/p5fEpk-1rE","jetpack_sharing_enabled":true,"_links":{"self":[{"href":"https:\/\/www.fantasticaficcion.com\/index.php\/wp-json\/wp\/v2\/posts\/5558","targetHints":{"allow":["GET"]}}],"collection":[{"href":"https:\/\/www.fantasticaficcion.com\/index.php\/wp-json\/wp\/v2\/posts"}],"about":[{"href":"https:\/\/www.fantasticaficcion.com\/index.php\/wp-json\/wp\/v2\/types\/post"}],"author":[{"embeddable":true,"href":"https:\/\/www.fantasticaficcion.com\/index.php\/wp-json\/wp\/v2\/users\/1"}],"replies":[{"embeddable":true,"href":"https:\/\/www.fantasticaficcion.com\/index.php\/wp-json\/wp\/v2\/comments?post=5558"}],"version-history":[{"count":1,"href":"https:\/\/www.fantasticaficcion.com\/index.php\/wp-json\/wp\/v2\/posts\/5558\/revisions"}],"predecessor-version":[{"id":5560,"href":"https:\/\/www.fantasticaficcion.com\/index.php\/wp-json\/wp\/v2\/posts\/5558\/revisions\/5560"}],"wp:attachment":[{"href":"https:\/\/www.fantasticaficcion.com\/index.php\/wp-json\/wp\/v2\/media?parent=5558"}],"wp:term":[{"taxonomy":"category","embeddable":true,"href":"https:\/\/www.fantasticaficcion.com\/index.php\/wp-json\/wp\/v2\/categories?post=5558"},{"taxonomy":"post_tag","embeddable":true,"href":"https:\/\/www.fantasticaficcion.com\/index.php\/wp-json\/wp\/v2\/tags?post=5558"}],"curies":[{"name":"wp","href":"https:\/\/api.w.org\/{rel}","templated":true}]}}